{"id":5551,"date":"2012-10-24T15:22:38","date_gmt":"2012-10-24T15:22:38","guid":{"rendered":"https:\/\/www.joypad.ch\/?p=5551"},"modified":"2012-10-24T21:51:38","modified_gmt":"2012-10-24T21:51:38","slug":"quoi-de-neuf-lors-de-la-keynote-dapple-le-23-octobre-2012","status":"publish","type":"post","link":"https:\/\/www.joypad.ch\/fr\/le-novita-del-keynote-apple-del-23-10-2012\/","title":{"rendered":"Les nouveaut\u00e9s du Keynote Apple du 23.10.2012"},"content":{"rendered":"<p>Apr\u00e8s la conf\u00e9rence inaugurale consacr\u00e9e \u00e0 l&#039;iPhone 5 le mois dernier, Apple revient pour nous pr\u00e9senter les derni\u00e8res nouveaut\u00e9s mat\u00e9rielles concernant d&#039;autres produits phares tels que la gamme iPad et iMac.<\/p>\n<p>Comme d&#039;habitude, des donn\u00e9es importantes concernant divers produits de Cupertino sont pr\u00e9sent\u00e9es. Tim Cook annonce que l&#039;iPhone 5 a \u00e9t\u00e9 en rupture de stock en une semaine seulement, avec 5 millions d&#039;unit\u00e9s exp\u00e9di\u00e9es dans le monde. Son petit fr\u00e8re, le nouvel iPod Touch, ne fait pas exception, avec 3 millions d&#039;unit\u00e9s vendues, et a m\u00eame re\u00e7u les \u00e9loges de \u201c\u00a0The Verge\u00a0\u201d, qui le consid\u00e8re comme \u201c\u00a0le meilleur produit sans concurrence\u00a0\u201d. Quant \u00e0 iOS 6, la mise \u00e0 jour a atteint 200 millions d&#039;appareils Apple, un record de rapidit\u00e9. Les services ne sont pas en reste\u00a0: iMessage, iCloud et l&#039;App Store ont tous enregistr\u00e9 des chiffres impressionnants.<\/p>\n<p>\u2013 une nouvelle mise \u00e0 jour pour iBooks<\/p>\n<p>Le service de livres num\u00e9riques bas\u00e9 \u00e0 Cupertino revient sur le devant de la sc\u00e8ne lors de cette conf\u00e9rence, o\u00f9 il passe \u00e0 la version 3.0. Bien que peu de nouvelles fonctionnalit\u00e9s soient au programme, l&#039;int\u00e9gration d&#039;iCloud et le partage sur Facebook et Twitter sont enfin inclus. Des chiffres importants sont \u00e9galement annonc\u00e9s, comme le cap des 1,7 million de livres num\u00e9riques disponibles et le nombre \u00e9lev\u00e9 de t\u00e9l\u00e9chargements par les utilisateurs.<\/p>\n<p>\u2013 Le nouveau MacBook Pro 13 pouces<\/p>\n<p>La nouvelle g\u00e9n\u00e9ration de MacBook Pro 13 pouces a \u00e9t\u00e9 pr\u00e9sent\u00e9e en direct lors de la conf\u00e9rence. Parmi ses nouveaut\u00e9s, on note un design plus \u00e9l\u00e9gant que le 20% et un poids nettement inf\u00e9rieur, sans oublier l&#039;\u00e9cran Retina (r\u00e9solution 2500 x 1600), consid\u00e9r\u00e9 par plusieurs magazines et sites web technologiques am\u00e9ricains de renom comme le meilleur \u00e9cran jamais con\u00e7u pour un ordinateur portable. On retrouve \u00e9galement des ports USB 3.0 (Thunderbolt), une sortie HDMI et un lecteur de carte SD, ainsi que des d\u00e9tails soign\u00e9s comme un clavier r\u00e9tro\u00e9clair\u00e9 et, enfin, une cam\u00e9ra HD frontale pour les appels FaceTime en haute d\u00e9finition. C\u00f4t\u00e9 caract\u00e9ristiques techniques, on retrouve celles des ultrabooks concurrents\u00a0: le processeur Intel Core ivy Bridge de troisi\u00e8me g\u00e9n\u00e9ration (i5 bic\u0153ur) avec carte graphique int\u00e9gr\u00e9e HD4000 et 8 Go de RAM DDR3 (configurables selon les besoins de l&#039;utilisateur). Pour des performances accrues, les ordinateurs portables de cette taille privil\u00e9gient d\u00e9sormais les disques SSD aux disques durs traditionnels.<\/p>\n<p>Il est int\u00e9ressant de le comparer aux t\u00e9l\u00e9viseurs du march\u00e9 offrant une r\u00e9solution de 1900 x 1080 pixels, domaine o\u00f9 le MacBook se distingue nettement. Il est regrettable qu&#039;il s&#039;agisse de mat\u00e9riel de derni\u00e8re g\u00e9n\u00e9ration\u00a0: Sony, Samsung, LG et d&#039;autres constructeurs ont d\u00e9j\u00e0 pr\u00e9sent\u00e9 leurs futurs t\u00e9l\u00e9viseurs 4K \u00e0 r\u00e9solution digne du cin\u00e9ma lors de l&#039;IFA de cette ann\u00e9e.<\/p>\n<p>L&#039;\u00e9cran affiche cependant une luminosit\u00e9 effective d\u00e9cevante de 300 nits, contrairement aux dalles IPS+ qu&#039;Asus utilise depuis longtemps sur ses tablettes, netbooks et ordinateurs portables de derni\u00e8re g\u00e9n\u00e9ration. C&#039;est assez paradoxal, \u00e9tant donn\u00e9 que les \u00e9crans Retina sont consid\u00e9r\u00e9s comme les meilleurs jamais produits.<\/p>\n<p>Le nouveau MacBook Pro 13 pouces demeure un produit haut de gamme, destin\u00e9 aux utilisateurs qui privil\u00e9gient la portabilit\u00e9 maximale offerte par l&#039;exp\u00e9rience Apple. Malheureusement, son prix reste \u00e9lev\u00e9\u00a0: le mod\u00e8le de base est propos\u00e9 \u00e0 partir de 1\u00a0700\u00a0$ et peut atteindre 2\u00a0500\u00a0$.<\/p>\n<p style=\"text-align: center;\"><a href=\"https:\/\/www.joypad.ch\/wp-content\/uploads\/2012\/10\/macbook-pro-13-inch-retina-features-0.jpg\"><img loading=\"lazy\" decoding=\"async\" class=\"aligncenter  wp-image-5556\" title=\"MacBook Pro 13 pouces Retina - Fonctionnalit\u00e9s 0\" src=\"https:\/\/www.joypad.ch\/wp-content\/uploads\/2012\/10\/macbook-pro-13-inch-retina-features-0.jpg\" alt=\"\" width=\"461\" height=\"307\" srcset=\"https:\/\/www.joypad.ch\/wp-content\/uploads\/2012\/10\/macbook-pro-13-inch-retina-features-0.jpg 960w, https:\/\/www.joypad.ch\/wp-content\/uploads\/2012\/10\/macbook-pro-13-inch-retina-features-0-300x200.jpg 300w\" sizes=\"auto, (max-width: 461px) 100vw, 461px\" \/><\/a><\/p>\n<p>\u2013 Un mini PC de bureau<\/p>\n<p>Le nouvel iMac mini, quant \u00e0 lui, est un choix int\u00e9ressant. C&#039;est un ordinateur de bureau tour v\u00e9ritablement compact, dot\u00e9 de composants de milieu \u00e0 haut de gamme et propos\u00e9 \u00e0 un prix plut\u00f4t attractif. Il est personnalisable en plusieurs versions\u00a0: le mod\u00e8le de base est \u00e9quip\u00e9 d&#039;un processeur Intel de troisi\u00e8me g\u00e9n\u00e9ration avec carte graphique int\u00e9gr\u00e9e HD4000, et offre une m\u00e9moire vive allant de 4\u00a0Go \u00e0 16\u00a0Go. Il est \u00e9galement dot\u00e9 des ports USB habituels, d&#039;un port Ethernet et propose au choix un disque dur de 1\u00a0To ou un SSD de 256\u00a0Go.<\/p>\n<p><a href=\"https:\/\/www.joypad.ch\/wp-content\/uploads\/2012\/10\/specifiche-mac-mini-2012-melarumors-2-371x300.jpg\"><img loading=\"lazy\" decoding=\"async\" class=\"aligncenter size-full wp-image-5594\" title=\"mac-mini-specs-2012-melarumors-2-371x300\" src=\"https:\/\/www.joypad.ch\/wp-content\/uploads\/2012\/10\/specifiche-mac-mini-2012-melarumors-2-371x300.jpg\" alt=\"\" width=\"371\" height=\"300\" srcset=\"https:\/\/www.joypad.ch\/wp-content\/uploads\/2012\/10\/specifiche-mac-mini-2012-melarumors-2-371x300.jpg 371w, https:\/\/www.joypad.ch\/wp-content\/uploads\/2012\/10\/specifiche-mac-mini-2012-melarumors-2-371x300-300x242.jpg 300w\" sizes=\"auto, (max-width: 371px) 100vw, 371px\" \/><\/a><\/p>\n<p style=\"text-align: center;\">\n<p>\u2013 Nouveau design pour les iMac<\/p>\n<p>Apr\u00e8s le mini iMac, les mod\u00e8les de bureau arrivent au sens propre du terme, avec une innovation majeure. La nouvelle g\u00e9n\u00e9ration se targue d&#039;un \u00e9cran de seulement 5 mm d&#039;\u00e9paisseur, au d\u00e9triment de la concurrence, dont les mod\u00e8les affichent encore des \u00e9paisseurs similaires \u00e0 celles des iMac de la g\u00e9n\u00e9ration pr\u00e9c\u00e9dente (notamment les PC tout-en-un). Disponibles en deux configurations d&#039;\u00e9cran\u00a0: 27 pouces pour une r\u00e9solution de 2500 x 1400 et 21 pouces pour une r\u00e9solution de 1080p, ces ordinateurs sont \u00e9quip\u00e9s de composants haut de gamme. On retrouve un processeur Intel Core i7 ou i5 quadric\u0153ur Ivy Bridge, une carte graphique Nvidia Kepler et jusqu&#039;\u00e0 32 Go de RAM, avec diff\u00e9rentes configurations disponibles \u00e0 partir de 8 Go. C\u00f4t\u00e9 stockage, Apple a \u00e9galement opt\u00e9 pour des solutions hybrides\u00a0: l&#039;association de SSD et de disques durs, baptis\u00e9e \u201c\u00a0Fusion Drive\u00a0\u201d par la firme de Cupertino. Ainsi, le mat\u00e9riel de haute qualit\u00e9 et l&#039;exp\u00e9rience utilisateur de macOS sont au rendez-vous.<\/p>\n<p>L&#039;absence de lecteur optique, cependant, est pour le moins paradoxale. Si, pour les Ultrabooks\/MacBook Air et les MacBook 13 pouces, elle se justifie par un besoin de portabilit\u00e9 accrue, la supprimer uniquement pour r\u00e9duire l&#039;\u00e9paisseur de l&#039;\u00e9cran \u00e0 un niveau minimal reste une excuse plut\u00f4t \u00e9trange. Pensons aux joueurs comme nous qui, malgr\u00e9 l&#039;existence de plateformes comme Steam, sommes attach\u00e9s au commerce physique, ou sommes de toute fa\u00e7on contraints d&#039;installer des gigaoctets de jeux sur disque\u00a0: disposer du support physique rend l&#039;op\u00e9ration bien plus rapide. Naturellement, on peut appliquer le m\u00eame raisonnement aux secteurs de la musique et de la vid\u00e9o\u00a0: s&#039;agirait-il donc d&#039;une strat\u00e9gie pour inciter toujours plus les utilisateurs d&#039;Apple \u00e0 acheter en ligne sur ses boutiques d\u00e9di\u00e9es\u00a0? Le stockage, lui, ne manque certainement pas. L&#039;iMac reste l&#039;ordinateur de bureau le plus vendu aux \u00c9tats-Unis\u00a0; n&#039;est-il donc pas possible qu&#039;\u00e0 terme, il bouleverse le march\u00e9 des disques optiques, voire qu&#039;il les fasse dispara\u00eetre d\u00e9finitivement\u00a0? Heureusement qu&#039;il y a les consoles\u00a0!.<\/p>\n<p style=\"text-align: center;\"><a href=\"https:\/\/www.joypad.ch\/wp-content\/uploads\/2012\/10\/performance.jpg\"><img loading=\"lazy\" decoding=\"async\" class=\"aligncenter  wp-image-5555\" title=\"performance\" src=\"https:\/\/www.joypad.ch\/wp-content\/uploads\/2012\/10\/performance.jpg\" alt=\"\" width=\"494\" height=\"554\" srcset=\"https:\/\/www.joypad.ch\/wp-content\/uploads\/2012\/10\/performance.jpg 617w, https:\/\/www.joypad.ch\/wp-content\/uploads\/2012\/10\/performance-267x300.jpg 267w\" sizes=\"auto, (max-width: 494px) 100vw, 494px\" \/><\/a><\/p>\n<p>\u2013 Le nouvel iPad de quatri\u00e8me g\u00e9n\u00e9ration ?!<\/p>\n<p>Vous avez bien lu\u00a0: l\u2019iPad 4, ou plut\u00f4t, la quatri\u00e8me g\u00e9n\u00e9ration. \u00c0 l\u2019instar du nouveau mod\u00e8le Asus Padfone 2 ou de la r\u00e9cente politique adopt\u00e9e par Sony pour sa gamme Xperia (une dizaine de mod\u00e8les par an), Apple, six mois seulement apr\u00e8s le lancement du nouvel iPad, propose \u00e9galement un nouveau mod\u00e8le dot\u00e9 de la nouvelle architecture Apple A6X et de quelques am\u00e9liorations mineures. Une initiative inattendue de la part de Cupertino.<\/p>\n<p>Apr\u00e8s une br\u00e8ve introduction expliquant comment l&#039;iPad parfait \u00e9crase la concurrence (uniquement en termes de ventes) : le nouveau mod\u00e8le de quatri\u00e8me g\u00e9n\u00e9ration est pr\u00e9sent\u00e9, qui n&#039;apportera pas de diff\u00e9rences esth\u00e9tiques mais plut\u00f4t l&#039;adoption du nouveau port Lightning pr\u00e9sent sur l&#039;iPhone 5, un nouveau processeur et quelques petites modifications de la cam\u00e9ra frontale.<\/p>\n<p>Le plus surprenant, c&#039;est la disparition de l&#039;ancien iPad de l&#039;Apple Store officiel. Alors que l&#039;iPad 4 reste un excellent produit de qualit\u00e9, il fait figure de plaisanterie pour les acheteurs du nouvel iPad. S&#039;agit-il d&#039;une strat\u00e9gie pour adapter et stabiliser les nouveaux appareils sur le march\u00e9 gr\u00e2ce \u00e0 la compatibilit\u00e9 avec les nouveaux connecteurs fabriqu\u00e9s \u00e0 Cupertino\u00a0? Fort probablement.<\/p>\n<p>\u2013 Petit est beau<\/p>\n<p>La transparence d&#039;Apple semble d\u00e9sormais bien loin\u00a0: apr\u00e8s que les fans et les rumeurs ont r\u00e9v\u00e9l\u00e9 l&#039;arriv\u00e9e de l&#039;iPhone\u00a05, avec des caract\u00e9ristiques et une esth\u00e9tique parfaitement compatibles avec le 100%, m\u00eame les rumeurs concernant l&#039;iPad Mini se confirment. Proposer un peu de vari\u00e9t\u00e9, m\u00eame pour l&#039;un des produits les plus embl\u00e9matiques au monde, n&#039;est pourtant pas une mauvaise strat\u00e9gie\u00a0: un produit destin\u00e9 \u00e0 ceux qui pr\u00e9f\u00e8rent les \u00e9crans plus petits et privil\u00e9gient la portabilit\u00e9.<\/p>\n<p>Lanc\u00e9e initialement par Amazon avec sa Kindle Fire, puis suivie par Samsung et sa Galaxy Tab 7.7, et enfin par Google avec la Nexus 7, Apple investit \u00e9galement le segment des mini-tablettes de milieu de gamme avec son iPad Mini de 7,9 pouces. L&#039;esth\u00e9tique tr\u00e8s raffin\u00e9e de ce nouveau mod\u00e8le t\u00e9moigne de l&#039;importance qu&#039;Apple accorde \u00e0 la finesse de ses produits, m\u00eame si ses caract\u00e9ristiques techniques sont \u00e9quivalentes \u00e0 celles de l&#039;iPad 2. La keynote a, comme \u00e0 son habitude, mis en avant la qualit\u00e9 exceptionnelle de chaque fonctionnalit\u00e9 de ce petit bijou, notamment sa portabilit\u00e9.<\/p>\n<p><a href=\"https:\/\/www.joypad.ch\/wp-content\/uploads\/2012\/10\/design.png\"><img loading=\"lazy\" decoding=\"async\" class=\"aligncenter size-full wp-image-5558\" title=\"conception\" src=\"https:\/\/www.joypad.ch\/wp-content\/uploads\/2012\/10\/design.png\" alt=\"\" width=\"661\" height=\"492\" srcset=\"https:\/\/www.joypad.ch\/wp-content\/uploads\/2012\/10\/design.png 661w, https:\/\/www.joypad.ch\/wp-content\/uploads\/2012\/10\/design-300x223.png 300w\" sizes=\"auto, (max-width: 661px) 100vw, 661px\" \/><\/a><\/p>\n<p>Plus amusante encore est la comparaison entre une Nexus 7 et le nouvel iPad Mini. Avec un \u00e9cran plus grand d&#039;un pouce que son concurrent, Google Pure offre, de toute \u00e9vidence, une meilleure visibilit\u00e9 du contenu. De plus, son format carr\u00e9 le rend encore plus grand, contrairement \u00e0 la Nexus 7, qui utilise un format 16:9 et est donc rectangulaire (et ressemble ainsi \u00e0 une t\u00e9l\u00e9commande).<\/p>\n<p>On peut donc se demander : o\u00f9 \u00e9tait Apple lors du lancement de la Motorola Xoom 10,1 pouces (g\u00e9r\u00e9e directement par Google), aujourd&#039;hui consid\u00e9r\u00e9e comme un produit de milieu de gamme au m\u00eame titre que l&#039;iPad mini ? O\u00f9 \u00e9tait Apple lorsque les premiers smartphones Android\/Symbian et Windows Phone ont d\u00e9pass\u00e9 les 3,5 pouces de diagonale, soit plus que son iPhone, pourtant consid\u00e9r\u00e9 comme parfait ? Comment expliquer que le format 16:9, pourtant tr\u00e8s critiqu\u00e9, du Nexus 7 devienne instantan\u00e9ment parfait et \u201c tout simplement incroyable \u201d sur l&#039;iPhone 5, avec une r\u00e9solution et un format quasiment identiques ?<\/p>\n<p>Les comparaisons ne s&#039;arr\u00eatent pas l\u00e0\u00a0: l&#039;exp\u00e9rience utilisateur des deux syst\u00e8mes est \u00e9galement un point important. Certaines applications sur la Nexus\u00a07 offrent une exp\u00e9rience similaire \u00e0 celle d&#039;un smartphone, ce qui n&#039;est pas le cas sur l&#039;iPad mini. La diff\u00e9rence r\u00e9side d\u00e9sormais dans le syst\u00e8me d&#039;exploitation, ou plut\u00f4t dans la volont\u00e9 des d\u00e9veloppeurs d&#039;adapter l&#039;interface aux diff\u00e9rents types d&#039;\u00e9cran (sous Android\u00a0: 160\u00a0ppp\u00a0: tablette\u00a0; 216\u00a0ppp\u00a0: mixte\u00a0; 320\u00a0ppp\u00a0: smartphone). Apple a su trouver des applications non adapt\u00e9es aux grands \u00e9crans des versions tablettes iOS de ses concurrents.<\/p>\n<p>Mais est-il judicieux de comparer Google Plus, YouTube et Tweetcaster \u00e0 leurs \u00e9quivalents Apple\u00a0? Devrions-nous comparer des applications d\u00e9velopp\u00e9es avec l&#039;ancien SDK iOS, qui ne s&#039;adaptent donc m\u00eame pas \u00e0 la r\u00e9solution de l&#039;iPad mini, offrant la m\u00eame exp\u00e9rience sur iPhone avec des bandes noires en plus, comme WhatsApp sur l&#039;iPhone 5, alors que leurs homologues Android les affichent en plein \u00e9cran sans la moindre pixellisation (d\u00e9velopp\u00e9es avec les SDK \u00e0 partir de Froyo)\u00a0? Le choix du syst\u00e8me d&#039;exploitation appartient d\u00e9sormais au consommateur et d\u00e9pend de ses besoins. S&#039;en prendre \u00e0 Apple avec des crit\u00e8res subjectifs ne fait certainement pas honneur \u00e0 la firme canadienne.<\/p>\n<p>On peut toutefois comparer les mat\u00e9riaux, et c&#039;est un fait : la Nexus 7 est enti\u00e8rement en plastique, contrairement \u00e0 l&#039;iPad mini, plus raffin\u00e9 et naturellement 5 millim\u00e8tres plus fin. Apple a cependant omis de pr\u00e9ciser un point : les mat\u00e9riaux utilis\u00e9s pour la Nexus permettent de r\u00e9duire ses co\u00fbts de production et de la proposer \u00e0 un prix tr\u00e8s comp\u00e9titif. En effet, la Nexus 7 se trouve \u00e0 200 francs, voire moins, tandis que l&#039;iPad mini co\u00fbte le double.<\/p>\n<p>Bien qu&#039;Apple affirme que l&#039;iPad mini est infiniment sup\u00e9rieur au Nexus 7, il convient de rappeler que ce mod\u00e8le embarque les m\u00eames composants que l&#039;iPad 2 (avec un appareil photo, une connectivit\u00e9 et un connecteur Lightning am\u00e9lior\u00e9s), une solution moins performante que le Tegra 3 30L de son \u00e9quivalent Android. La qualit\u00e9 et le rendu des couleurs des \u00e9crans restent toutefois identiques.<\/p>\n<p style=\"text-align: center;\"><a href=\"https:\/\/www.joypad.ch\/wp-content\/uploads\/2012\/10\/ipad-mini-nexus-7.jpg\"><img loading=\"lazy\" decoding=\"async\" class=\"aligncenter  wp-image-5559\" title=\"iPad Mini Nexus 7\" src=\"https:\/\/www.joypad.ch\/wp-content\/uploads\/2012\/10\/ipad-mini-nexus-7.jpg\" alt=\"\" width=\"614\" height=\"472\" srcset=\"https:\/\/www.joypad.ch\/wp-content\/uploads\/2012\/10\/ipad-mini-nexus-7.jpg 1706w, https:\/\/www.joypad.ch\/wp-content\/uploads\/2012\/10\/ipad-mini-nexus-7-300x230.jpg 300w, https:\/\/www.joypad.ch\/wp-content\/uploads\/2012\/10\/ipad-mini-nexus-7-1024x787.jpg 1024w\" sizes=\"auto, (max-width: 614px) 100vw, 614px\" \/><\/a><\/p>\n<p>Pour conclure, voici une petite observation faite lors de la keynote\u00a0: la mise \u00e0 jour iOS\u00a06 de l\u2019iPad\u00a02, grand fr\u00e8re de ce nouveau produit, n\u2019a pas int\u00e9gr\u00e9 Siri. Sur l\u2019iPad mini, pourtant dot\u00e9 de la m\u00eame puissance et de la m\u00eame architecture mat\u00e9rielle, Siri fonctionne parfaitement. Cela nous ram\u00e8ne \u00e0 une affirmation d\u2019Apple lors du lancement de Siri\u00a0: l\u2019iPad\u00a02 \u00e9tait-il r\u00e9ellement insuffisamment puissant pour prendre en charge ce service\u00a0?<\/p>\n<p>&nbsp;<\/p>\n<p>&nbsp;<\/p>\n<p>&nbsp;<\/p>","protected":false},"excerpt":{"rendered":"<p>Dopo il keynote deidacto all&#8217; Iphone 5 il mese scorso, Apple torna a presentarci le novit\u00e0 in ambito hardware per quanto riguarda gli altri prodotti di punta come la gamma degli Ipad e degli iMac. Come da consuetudo vengono presentati alcuni dati rilevanti ottenuti dai vari prodotti di Cupertino. Tim Cook annuncia cos\u00ec che l&#8217;iphone [&hellip;]<\/p>\n","protected":false},"author":2,"featured_media":5560,"comment_status":"closed","ping_status":"closed","sticky":false,"template":"","format":"standard","meta":{"footnotes":""},"categories":[601],"tags":[239,286,287,289,288,285,290],"class_list":["post-5551","post","type-post","status-publish","format-standard","has-post-thumbnail","hentry","category-news","tag-apple","tag-imac","tag-imac-mini","tag-ipad-4th-generation","tag-ipad-mini","tag-macbook-pro-13","tag-new-ipad"],"blocksy_meta":{"styles_descriptor":{"styles":{"desktop":"","tablet":"","mobile":""},"google_fonts":[],"version":7}},"yoast_head":"<!-- This site is optimized with the Yoast SEO plugin v28.3 - https:\/\/yoast.com\/product\/yoast-seo-wordpress\/ -->\n<title>Le novit\u00e0 del Keynote Apple del 23.10.2012<\/title>\n<meta name=\"robots\" content=\"index, follow, max-snippet:-1, max-image-preview:large, max-video-preview:-1\" \/>\n<link rel=\"canonical\" href=\"https:\/\/www.joypad.ch\/fr\/quoi-de-neuf-lors-de-la-keynote-dapple-le-23-octobre-2012\/\" \/>\n<meta property=\"og:locale\" content=\"fr_FR\" \/>\n<meta property=\"og:type\" content=\"article\" \/>\n<meta property=\"og:title\" content=\"Le novit\u00e0 del Keynote Apple del 23.10.2012\" \/>\n<meta property=\"og:description\" content=\"Dopo il keynote deidacto all&#8217; Iphone 5 il mese scorso, Apple torna a presentarci le novit\u00e0 in ambito hardware per quanto riguarda gli altri prodotti di punta come la gamma degli Ipad e degli iMac. Come da consuetudo vengono presentati alcuni dati rilevanti ottenuti dai vari prodotti di Cupertino. Tim Cook annuncia cos\u00ec che l&#8217;iphone [&hellip;]\" \/>\n<meta property=\"og:url\" content=\"https:\/\/www.joypad.ch\/fr\/quoi-de-neuf-lors-de-la-keynote-dapple-le-23-octobre-2012\/\" \/>\n<meta property=\"og:site_name\" content=\"Joypad.ch\" \/>\n<meta property=\"article:publisher\" content=\"https:\/\/www.facebook.com\/www.joypad.ch\" \/>\n<meta property=\"article:published_time\" content=\"2012-10-24T15:22:38+00:00\" \/>\n<meta property=\"article:modified_time\" content=\"2012-10-24T21:51:38+00:00\" \/>\n<meta property=\"og:image\" content=\"https:\/\/www.joypad.ch\/wp-content\/uploads\/2012\/10\/apple-keynote-il-23-ottobre-presentazione-di-L-4iSdSp.jpeg\" \/>\n\t<meta property=\"og:image:width\" content=\"586\" \/>\n\t<meta property=\"og:image:height\" content=\"471\" \/>\n\t<meta property=\"og:image:type\" content=\"image\/jpeg\" \/>\n<meta name=\"author\" content=\"Pusti\" \/>\n<meta name=\"twitter:card\" content=\"summary_large_image\" \/>\n<meta name=\"twitter:creator\" content=\"@JoypadCH\" \/>\n<meta name=\"twitter:site\" content=\"@JoypadCH\" \/>\n<meta name=\"twitter:label1\" content=\"\u00c9crit par\" \/>\n\t<meta name=\"twitter:data1\" content=\"Pusti\" \/>\n\t<meta name=\"twitter:label2\" content=\"Dur\u00e9e de lecture estim\u00e9e\" \/>\n\t<meta name=\"twitter:data2\" content=\"9 minutes\" \/>\n<script type=\"application\/ld+json\" class=\"yoast-schema-graph\">{\"@context\":\"https:\\\/\\\/schema.org\",\"@graph\":[{\"@type\":\"Article\",\"@id\":\"https:\\\/\\\/www.joypad.ch\\\/le-novita-del-keynote-apple-del-23-10-2012\\\/#article\",\"isPartOf\":{\"@id\":\"https:\\\/\\\/www.joypad.ch\\\/le-novita-del-keynote-apple-del-23-10-2012\\\/\"},\"author\":{\"name\":\"Pusti\",\"@id\":\"https:\\\/\\\/www.joypad.ch\\\/#\\\/schema\\\/person\\\/4f730126867d8f9f0c4fb9009c964af3\"},\"headline\":\"Le novit\u00e0 del Keynote Apple del 23.10.2012\",\"datePublished\":\"2012-10-24T15:22:38+00:00\",\"dateModified\":\"2012-10-24T21:51:38+00:00\",\"mainEntityOfPage\":{\"@id\":\"https:\\\/\\\/www.joypad.ch\\\/le-novita-del-keynote-apple-del-23-10-2012\\\/\"},\"wordCount\":1839,\"publisher\":{\"@id\":\"https:\\\/\\\/www.joypad.ch\\\/#organization\"},\"image\":{\"@id\":\"https:\\\/\\\/www.joypad.ch\\\/le-novita-del-keynote-apple-del-23-10-2012\\\/#primaryimage\"},\"thumbnailUrl\":\"https:\\\/\\\/www.joypad.ch\\\/wp-content\\\/uploads\\\/2012\\\/10\\\/apple-keynote-il-23-ottobre-presentazione-di-L-4iSdSp.jpeg\",\"keywords\":[\"Apple\",\"iMac\",\"iMac Mini\",\"Ipad 4th Generation\",\"Ipad Mini\",\"Macbook Pro 13\\\"\",\"New Ipad\"],\"articleSection\":[\"News\"],\"inLanguage\":\"fr-FR\"},{\"@type\":\"WebPage\",\"@id\":\"https:\\\/\\\/www.joypad.ch\\\/le-novita-del-keynote-apple-del-23-10-2012\\\/\",\"url\":\"https:\\\/\\\/www.joypad.ch\\\/le-novita-del-keynote-apple-del-23-10-2012\\\/\",\"name\":\"Le novit\u00e0 del Keynote Apple del 23.10.2012\",\"isPartOf\":{\"@id\":\"https:\\\/\\\/www.joypad.ch\\\/#website\"},\"primaryImageOfPage\":{\"@id\":\"https:\\\/\\\/www.joypad.ch\\\/le-novita-del-keynote-apple-del-23-10-2012\\\/#primaryimage\"},\"image\":{\"@id\":\"https:\\\/\\\/www.joypad.ch\\\/le-novita-del-keynote-apple-del-23-10-2012\\\/#primaryimage\"},\"thumbnailUrl\":\"https:\\\/\\\/www.joypad.ch\\\/wp-content\\\/uploads\\\/2012\\\/10\\\/apple-keynote-il-23-ottobre-presentazione-di-L-4iSdSp.jpeg\",\"datePublished\":\"2012-10-24T15:22:38+00:00\",\"dateModified\":\"2012-10-24T21:51:38+00:00\",\"breadcrumb\":{\"@id\":\"https:\\\/\\\/www.joypad.ch\\\/le-novita-del-keynote-apple-del-23-10-2012\\\/#breadcrumb\"},\"inLanguage\":\"fr-FR\",\"potentialAction\":[{\"@type\":\"ReadAction\",\"target\":[\"https:\\\/\\\/www.joypad.ch\\\/le-novita-del-keynote-apple-del-23-10-2012\\\/\"]}]},{\"@type\":\"ImageObject\",\"inLanguage\":\"fr-FR\",\"@id\":\"https:\\\/\\\/www.joypad.ch\\\/le-novita-del-keynote-apple-del-23-10-2012\\\/#primaryimage\",\"url\":\"https:\\\/\\\/www.joypad.ch\\\/wp-content\\\/uploads\\\/2012\\\/10\\\/apple-keynote-il-23-ottobre-presentazione-di-L-4iSdSp.jpeg\",\"contentUrl\":\"https:\\\/\\\/www.joypad.ch\\\/wp-content\\\/uploads\\\/2012\\\/10\\\/apple-keynote-il-23-ottobre-presentazione-di-L-4iSdSp.jpeg\",\"width\":586,\"height\":471},{\"@type\":\"BreadcrumbList\",\"@id\":\"https:\\\/\\\/www.joypad.ch\\\/le-novita-del-keynote-apple-del-23-10-2012\\\/#breadcrumb\",\"itemListElement\":[{\"@type\":\"ListItem\",\"position\":1,\"name\":\"Home\",\"item\":\"https:\\\/\\\/www.joypad.ch\\\/\"},{\"@type\":\"ListItem\",\"position\":2,\"name\":\"News\",\"item\":\"https:\\\/\\\/www.joypad.ch\\\/news\\\/\"},{\"@type\":\"ListItem\",\"position\":3,\"name\":\"Le novit\u00e0 del Keynote Apple del 23.10.2012\"}]},{\"@type\":\"WebSite\",\"@id\":\"https:\\\/\\\/www.joypad.ch\\\/#website\",\"url\":\"https:\\\/\\\/www.joypad.ch\\\/\",\"name\":\"Joypad.ch\",\"description\":\"Il sito di videogiochi, tecnologia e film per il Ticino e la Svizzera di lingua italiana\",\"publisher\":{\"@id\":\"https:\\\/\\\/www.joypad.ch\\\/#organization\"},\"potentialAction\":[{\"@type\":\"SearchAction\",\"target\":{\"@type\":\"EntryPoint\",\"urlTemplate\":\"https:\\\/\\\/www.joypad.ch\\\/?s={search_term_string}\"},\"query-input\":{\"@type\":\"PropertyValueSpecification\",\"valueRequired\":true,\"valueName\":\"search_term_string\"}}],\"inLanguage\":\"fr-FR\"},{\"@type\":\"Organization\",\"@id\":\"https:\\\/\\\/www.joypad.ch\\\/#organization\",\"name\":\"Joypad.ch\",\"url\":\"https:\\\/\\\/www.joypad.ch\\\/\",\"logo\":{\"@type\":\"ImageObject\",\"inLanguage\":\"fr-FR\",\"@id\":\"https:\\\/\\\/www.joypad.ch\\\/#\\\/schema\\\/logo\\\/image\\\/\",\"url\":\"https:\\\/\\\/www.joypad.ch\\\/wp-content\\\/uploads\\\/2016\\\/01\\\/Logo_def_bn.jpg\",\"contentUrl\":\"https:\\\/\\\/www.joypad.ch\\\/wp-content\\\/uploads\\\/2016\\\/01\\\/Logo_def_bn.jpg\",\"width\":6671,\"height\":902,\"caption\":\"Joypad.ch\"},\"image\":{\"@id\":\"https:\\\/\\\/www.joypad.ch\\\/#\\\/schema\\\/logo\\\/image\\\/\"},\"sameAs\":[\"https:\\\/\\\/www.facebook.com\\\/www.joypad.ch\",\"https:\\\/\\\/x.com\\\/JoypadCH\",\"https:\\\/\\\/www.instagram.com\\\/joypadch\\\/\",\"https:\\\/\\\/www.youtube.com\\\/c\\\/JoypadCH\",\"https:\\\/\\\/www.tiktok.com\\\/@mrpipistro\"]},{\"@type\":\"Person\",\"@id\":\"https:\\\/\\\/www.joypad.ch\\\/#\\\/schema\\\/person\\\/4f730126867d8f9f0c4fb9009c964af3\",\"name\":\"Pusti\",\"image\":{\"@type\":\"ImageObject\",\"inLanguage\":\"fr-FR\",\"@id\":\"https:\\\/\\\/secure.gravatar.com\\\/avatar\\\/67f94cbea5a0d12706cad483e8287b619a78e25e07fb1fe6dbaeb592c56592bc?s=96&d=mm&r=g\",\"url\":\"https:\\\/\\\/secure.gravatar.com\\\/avatar\\\/67f94cbea5a0d12706cad483e8287b619a78e25e07fb1fe6dbaeb592c56592bc?s=96&d=mm&r=g\",\"contentUrl\":\"https:\\\/\\\/secure.gravatar.com\\\/avatar\\\/67f94cbea5a0d12706cad483e8287b619a78e25e07fb1fe6dbaeb592c56592bc?s=96&d=mm&r=g\",\"caption\":\"Pusti\"},\"description\":\"Pusti \u00e8 uno degli storici co-redattori di Joypad.ch Avvocato, gaymer e climber, principalmente giocatore di console Nintendo e PC.\",\"sameAs\":[\"https:\\\/\\\/www.joypad.ch\",\"www.instagram.com\\\/puda_\",\"www.linkedin.com\\\/in\\\/davide-pusterla\"],\"url\":\"https:\\\/\\\/www.joypad.ch\\\/fr\\\/author\\\/pusti\\\/\"}]}<\/script>\n<!-- \/ Yoast SEO plugin. -->","yoast_head_json":{"title":"Les nouveaut\u00e9s du Keynote Apple du 23.10.2012","robots":{"index":"index","follow":"follow","max-snippet":"max-snippet:-1","max-image-preview":"max-image-preview:large","max-video-preview":"max-video-preview:-1"},"canonical":"https:\/\/www.joypad.ch\/fr\/quoi-de-neuf-lors-de-la-keynote-dapple-le-23-octobre-2012\/","og_locale":"fr_FR","og_type":"article","og_title":"Le novit\u00e0 del Keynote Apple del 23.10.2012","og_description":"Dopo il keynote deidacto all&#8217; Iphone 5 il mese scorso, Apple torna a presentarci le novit\u00e0 in ambito hardware per quanto riguarda gli altri prodotti di punta come la gamma degli Ipad e degli iMac. Come da consuetudo vengono presentati alcuni dati rilevanti ottenuti dai vari prodotti di Cupertino. Tim Cook annuncia cos\u00ec che l&#8217;iphone [&hellip;]","og_url":"https:\/\/www.joypad.ch\/fr\/quoi-de-neuf-lors-de-la-keynote-dapple-le-23-octobre-2012\/","og_site_name":"Joypad.ch","article_publisher":"https:\/\/www.facebook.com\/www.joypad.ch","article_published_time":"2012-10-24T15:22:38+00:00","article_modified_time":"2012-10-24T21:51:38+00:00","og_image":[{"width":586,"height":471,"url":"https:\/\/www.joypad.ch\/wp-content\/uploads\/2012\/10\/apple-keynote-il-23-ottobre-presentazione-di-L-4iSdSp.jpeg","type":"image\/jpeg"}],"author":"Pusti","twitter_card":"summary_large_image","twitter_creator":"@JoypadCH","twitter_site":"@JoypadCH","twitter_misc":{"\u00c9crit par":"Pusti","Dur\u00e9e de lecture estim\u00e9e":"9 minutes"},"schema":{"@context":"https:\/\/schema.org","@graph":[{"@type":"Article","@id":"https:\/\/www.joypad.ch\/le-novita-del-keynote-apple-del-23-10-2012\/#article","isPartOf":{"@id":"https:\/\/www.joypad.ch\/le-novita-del-keynote-apple-del-23-10-2012\/"},"author":{"name":"Pusti","@id":"https:\/\/www.joypad.ch\/#\/schema\/person\/4f730126867d8f9f0c4fb9009c964af3"},"headline":"Le novit\u00e0 del Keynote Apple del 23.10.2012","datePublished":"2012-10-24T15:22:38+00:00","dateModified":"2012-10-24T21:51:38+00:00","mainEntityOfPage":{"@id":"https:\/\/www.joypad.ch\/le-novita-del-keynote-apple-del-23-10-2012\/"},"wordCount":1839,"publisher":{"@id":"https:\/\/www.joypad.ch\/#organization"},"image":{"@id":"https:\/\/www.joypad.ch\/le-novita-del-keynote-apple-del-23-10-2012\/#primaryimage"},"thumbnailUrl":"https:\/\/www.joypad.ch\/wp-content\/uploads\/2012\/10\/apple-keynote-il-23-ottobre-presentazione-di-L-4iSdSp.jpeg","keywords":["Apple","iMac","iMac Mini","Ipad 4th Generation","Ipad Mini","Macbook Pro 13\"","New Ipad"],"articleSection":["News"],"inLanguage":"fr-FR"},{"@type":"WebPage","@id":"https:\/\/www.joypad.ch\/le-novita-del-keynote-apple-del-23-10-2012\/","url":"https:\/\/www.joypad.ch\/le-novita-del-keynote-apple-del-23-10-2012\/","name":"Les nouveaut\u00e9s du Keynote Apple du 23.10.2012","isPartOf":{"@id":"https:\/\/www.joypad.ch\/#website"},"primaryImageOfPage":{"@id":"https:\/\/www.joypad.ch\/le-novita-del-keynote-apple-del-23-10-2012\/#primaryimage"},"image":{"@id":"https:\/\/www.joypad.ch\/le-novita-del-keynote-apple-del-23-10-2012\/#primaryimage"},"thumbnailUrl":"https:\/\/www.joypad.ch\/wp-content\/uploads\/2012\/10\/apple-keynote-il-23-ottobre-presentazione-di-L-4iSdSp.jpeg","datePublished":"2012-10-24T15:22:38+00:00","dateModified":"2012-10-24T21:51:38+00:00","breadcrumb":{"@id":"https:\/\/www.joypad.ch\/le-novita-del-keynote-apple-del-23-10-2012\/#breadcrumb"},"inLanguage":"fr-FR","potentialAction":[{"@type":"ReadAction","target":["https:\/\/www.joypad.ch\/le-novita-del-keynote-apple-del-23-10-2012\/"]}]},{"@type":"ImageObject","inLanguage":"fr-FR","@id":"https:\/\/www.joypad.ch\/le-novita-del-keynote-apple-del-23-10-2012\/#primaryimage","url":"https:\/\/www.joypad.ch\/wp-content\/uploads\/2012\/10\/apple-keynote-il-23-ottobre-presentazione-di-L-4iSdSp.jpeg","contentUrl":"https:\/\/www.joypad.ch\/wp-content\/uploads\/2012\/10\/apple-keynote-il-23-ottobre-presentazione-di-L-4iSdSp.jpeg","width":586,"height":471},{"@type":"BreadcrumbList","@id":"https:\/\/www.joypad.ch\/le-novita-del-keynote-apple-del-23-10-2012\/#breadcrumb","itemListElement":[{"@type":"ListItem","position":1,"name":"Home","item":"https:\/\/www.joypad.ch\/"},{"@type":"ListItem","position":2,"name":"News","item":"https:\/\/www.joypad.ch\/news\/"},{"@type":"ListItem","position":3,"name":"Le novit\u00e0 del Keynote Apple del 23.10.2012"}]},{"@type":"WebSite","@id":"https:\/\/www.joypad.ch\/#website","url":"https:\/\/www.joypad.ch\/","name":"Joypad.ch","description":"Le site de jeux vid\u00e9o, de technologie et de cin\u00e9ma pour le Tessin et la Suisse italophone","publisher":{"@id":"https:\/\/www.joypad.ch\/#organization"},"potentialAction":[{"@type":"SearchAction","target":{"@type":"EntryPoint","urlTemplate":"https:\/\/www.joypad.ch\/?s={search_term_string}"},"query-input":{"@type":"PropertyValueSpecification","valueRequired":true,"valueName":"search_term_string"}}],"inLanguage":"fr-FR"},{"@type":"Organization","@id":"https:\/\/www.joypad.ch\/#organization","name":"Joypad.ch","url":"https:\/\/www.joypad.ch\/","logo":{"@type":"ImageObject","inLanguage":"fr-FR","@id":"https:\/\/www.joypad.ch\/#\/schema\/logo\/image\/","url":"https:\/\/www.joypad.ch\/wp-content\/uploads\/2016\/01\/Logo_def_bn.jpg","contentUrl":"https:\/\/www.joypad.ch\/wp-content\/uploads\/2016\/01\/Logo_def_bn.jpg","width":6671,"height":902,"caption":"Joypad.ch"},"image":{"@id":"https:\/\/www.joypad.ch\/#\/schema\/logo\/image\/"},"sameAs":["https:\/\/www.facebook.com\/www.joypad.ch","https:\/\/x.com\/JoypadCH","https:\/\/www.instagram.com\/joypadch\/","https:\/\/www.youtube.com\/c\/JoypadCH","https:\/\/www.tiktok.com\/@mrpipistro"]},{"@type":"Person","@id":"https:\/\/www.joypad.ch\/#\/schema\/person\/4f730126867d8f9f0c4fb9009c964af3","name":"Laisse","image":{"@type":"ImageObject","inLanguage":"fr-FR","@id":"https:\/\/secure.gravatar.com\/avatar\/67f94cbea5a0d12706cad483e8287b619a78e25e07fb1fe6dbaeb592c56592bc?s=96&d=mm&r=g","url":"https:\/\/secure.gravatar.com\/avatar\/67f94cbea5a0d12706cad483e8287b619a78e25e07fb1fe6dbaeb592c56592bc?s=96&d=mm&r=g","contentUrl":"https:\/\/secure.gravatar.com\/avatar\/67f94cbea5a0d12706cad483e8287b619a78e25e07fb1fe6dbaeb592c56592bc?s=96&d=mm&r=g","caption":"Pusti"},"description":"Pusti est l&#039;un des r\u00e9dacteurs en chef de longue date de Joypad.ch. Avocat, militant pour la cause homosexuelle et grimpeur, il est principalement un joueur sur console Nintendo et PC.","sameAs":["https:\/\/www.joypad.ch","www.instagram.com\/puda_","www.linkedin.com\/in\/davide-pusterla"],"url":"https:\/\/www.joypad.ch\/fr\/author\/pusti\/"}]}},"_links":{"self":[{"href":"https:\/\/www.joypad.ch\/fr\/wp-json\/wp\/v2\/posts\/5551","targetHints":{"allow":["GET"]}}],"collection":[{"href":"https:\/\/www.joypad.ch\/fr\/wp-json\/wp\/v2\/posts"}],"about":[{"href":"https:\/\/www.joypad.ch\/fr\/wp-json\/wp\/v2\/types\/post"}],"author":[{"embeddable":true,"href":"https:\/\/www.joypad.ch\/fr\/wp-json\/wp\/v2\/users\/2"}],"replies":[{"embeddable":true,"href":"https:\/\/www.joypad.ch\/fr\/wp-json\/wp\/v2\/comments?post=5551"}],"version-history":[{"count":0,"href":"https:\/\/www.joypad.ch\/fr\/wp-json\/wp\/v2\/posts\/5551\/revisions"}],"wp:featuredmedia":[{"embeddable":true,"href":"https:\/\/www.joypad.ch\/fr\/wp-json\/wp\/v2\/media\/5560"}],"wp:attachment":[{"href":"https:\/\/www.joypad.ch\/fr\/wp-json\/wp\/v2\/media?parent=5551"}],"wp:term":[{"taxonomy":"category","embeddable":true,"href":"https:\/\/www.joypad.ch\/fr\/wp-json\/wp\/v2\/categories?post=5551"},{"taxonomy":"post_tag","embeddable":true,"href":"https:\/\/www.joypad.ch\/fr\/wp-json\/wp\/v2\/tags?post=5551"}],"curies":[{"name":"wp","href":"https:\/\/api.w.org\/{rel}","templated":true}]}}