{"id":75533,"date":"2026-09-04T12:06:50","date_gmt":"2026-09-04T10:06:50","guid":{"rendered":"https:\/\/www.joypad.ch\/?p=75533"},"modified":"2026-09-04T12:06:56","modified_gmt":"2026-09-04T10:06:56","slug":"lenovo-presenta-a-ifa-2026-le-novita-per-thinkcentre-thinkbook-yoga-ideapad-e-lecosistema-qira","status":"publish","type":"post","link":"https:\/\/www.joypad.ch\/de\/lenovo-presenta-a-ifa-2026-le-novita-per-thinkcentre-thinkbook-yoga-ideapad-e-lecosistema-qira\/","title":{"rendered":"Lenovo pr\u00e4sentiert auf der IFA 2026 neue Funktionen f\u00fcr ThinkCentre, ThinkBook, Yoga, IdeaPad und das Qira-\u00d6kosystem."},"content":{"rendered":"<p class=\"wp-block-paragraph\">In occasione dell&#8217;evento Innovation World nell&#8217;ambito di IFA 2026 a Berlino, Lenovo ha annunciato un rinnovamento trasversale del proprio catalogo hardware e software, estendendo le funzionalit\u00e0 di intelligenza artificiale ibrida e personale a diverse linee di prodotto.<\/p>\n\n\n\n<figure class=\"wp-block-image aligncenter size-large is-resized\"><img loading=\"lazy\" decoding=\"async\" width=\"1024\" height=\"341\" src=\"https:\/\/www.joypad.ch\/wp-content\/uploads\/2023\/03\/Lenovo_Global_Corporate_Logo-1024x341.png\" alt=\"\" class=\"wp-image-65351\" style=\"aspect-ratio:3.003003003003003;width:284px;height:auto\" srcset=\"https:\/\/www.joypad.ch\/wp-content\/uploads\/2023\/03\/Lenovo_Global_Corporate_Logo-1024x341.png 1024w, https:\/\/www.joypad.ch\/wp-content\/uploads\/2023\/03\/Lenovo_Global_Corporate_Logo-790x263.png 790w, https:\/\/www.joypad.ch\/wp-content\/uploads\/2023\/03\/Lenovo_Global_Corporate_Logo-1536x512.png 1536w, https:\/\/www.joypad.ch\/wp-content\/uploads\/2023\/03\/Lenovo_Global_Corporate_Logo-2048x683.png 2048w\" sizes=\"auto, (max-width: 1024px) 100vw, 1024px\" \/><\/figure>\n\n\n\n<p class=\"wp-block-paragraph\">L&#8217;ecosistema Lenovo &amp; Motorola Qira introduce il supporto a PC Lenovo idonei dotati di 16 GB di memoria RAM, consentendo il download dell&#8217;assistente direttamente dal sito del produttore prima della preinstallazione di fabbrica. L&#8217;integrazione copre anche i dispositivi Motorola compatibili al momento della ricezione dell&#8217;aggiornamento ad Android 17 (inclusi modelli edge, signature e razr), subentrando alle precedenti funzioni moto ai e AI Now. Qira debutta inoltre sui dispositivi indossabili con lo smartwatch moto watch ultra, attivabile tramite comando vocale o sollevamento del polso, e amplia le interazioni multipiattaforma grazie alla collaborazione con Workato verso servizi come Gmail, Google Calendar, Google Contatti, Slack e la suite Outlook, oltre all&#8217;integrazione con Notion e Perplexity.<\/p>\n\n\n\n<figure class=\"wp-block-image aligncenter size-large is-resized\"><img loading=\"lazy\" decoding=\"async\" width=\"1024\" height=\"545\" src=\"https:\/\/www.joypad.ch\/wp-content\/uploads\/2026\/09\/afc1100d-a4ea-731d-4fd5-3c76efd95503-1024x545.png\" alt=\"\" class=\"wp-image-75534\" style=\"aspect-ratio:1.8789144528934603;width:604px;height:auto\" srcset=\"https:\/\/www.joypad.ch\/wp-content\/uploads\/2026\/09\/afc1100d-a4ea-731d-4fd5-3c76efd95503-1024x545.png 1024w, https:\/\/www.joypad.ch\/wp-content\/uploads\/2026\/09\/afc1100d-a4ea-731d-4fd5-3c76efd95503-790x421.png 790w, https:\/\/www.joypad.ch\/wp-content\/uploads\/2026\/09\/afc1100d-a4ea-731d-4fd5-3c76efd95503-18x10.png 18w, https:\/\/www.joypad.ch\/wp-content\/uploads\/2026\/09\/afc1100d-a4ea-731d-4fd5-3c76efd95503.png 1200w\" sizes=\"auto, (max-width: 1024px) 100vw, 1024px\" \/><\/figure>\n\n\n\n<p class=\"wp-block-paragraph\">Per l&#8217;utenza professionale, il segmento Think introduce il desktop compatto ThinkCentre X Ultra da 1,6 litri, configurabile con processori fino ad AMD Ryzen AI Max+ PRO serie 495, fino a 128 GB di memoria unificata e architettura cluster per collegare fino a quattro unit\u00e0. La gamma desktop comprende anche il ThinkCentre M75s Gen 6 in formato Small Form Factor (fino a 50 TOPS di calcolo NPU locale) e il ThinkCentre M75q Gen 6 in formato Tiny con supporto a quattro monitor e 64 GB di RAM. Sul fronte laptop aziendali debuttano il ThinkBook 14 Gen 9, basato su Snapdragon X2 Plus con 80 TOPS di potenza AI e display da 14 pollici WUXGA da 400 nit, e il ThinkBook 14x Gen 2 con processori Intel Core 7 (Serie 3), spessore di 12,9 mm e peso di 990 grammi. Mostrati inoltre i due progetti concettuali Project AeroBlade (notebook fanless da 9,95 mm raffreddato tramite la tecnologia a stato solido AirJet di Frore Systems) e Project Swan (portatile con display estendibile da 14 a 17 pollici in formato 16:9).<\/p>\n\n\n\n<figure class=\"wp-block-image aligncenter size-full\"><img loading=\"lazy\" decoding=\"async\" width=\"945\" height=\"603\" src=\"https:\/\/www.joypad.ch\/wp-content\/uploads\/2026\/09\/a3bc5a1a-c31f-a946-264a-480ba8d16b86.png\" alt=\"\" class=\"wp-image-75536\" srcset=\"https:\/\/www.joypad.ch\/wp-content\/uploads\/2026\/09\/a3bc5a1a-c31f-a946-264a-480ba8d16b86.png 945w, https:\/\/www.joypad.ch\/wp-content\/uploads\/2026\/09\/a3bc5a1a-c31f-a946-264a-480ba8d16b86-790x504.png 790w, https:\/\/www.joypad.ch\/wp-content\/uploads\/2026\/09\/a3bc5a1a-c31f-a946-264a-480ba8d16b86-18x12.png 18w\" sizes=\"auto, (max-width: 945px) 100vw, 945px\" \/><\/figure>\n\n\n\n<p class=\"wp-block-paragraph\">Nel comparto display professionali arrivano il ThinkVision P34WD-4v, monitor curvo ultrawide 21:9 WQHD da 34 pollici certificato Microsoft per ambienti VoIP con Thunderbolt 4 e frequenza variabile da 24 a 120 Hz, e il ThinkVision P27UL-40, schermo da 27 pollici UHD (3840 x 2160 pixel) realizzato con tecnologia OLED InkJet Printing, copertura DCI-P3 del 99% e certificazione VESA DisplayHDR True Black 500. La serie T si aggiorna con i modelli docking T32UD-4v (31,5 pollici UHD a 120 Hz) e T34WD-4v (34 pollici in 21:9). Sul piano della sicurezza aziendale debuttano la tecnologia ThinkShield TraceLock basata su Absolute Security con funzionalit\u00e0 Wake-on-Cellular per modelli ThinkPad selezionati e la piattaforma Prompt Security di SentinelOne integrata in ThinkShield per il monitoraggio dei modelli linguistici generativi.<\/p>\n\n\n\n<figure class=\"wp-block-image aligncenter size-large\"><img loading=\"lazy\" decoding=\"async\" width=\"1024\" height=\"576\" src=\"https:\/\/www.joypad.ch\/wp-content\/uploads\/2026\/09\/d5ef5f6a-72e8-ac78-796f-3b71a0148063-1024x576.png\" alt=\"\" class=\"wp-image-75537\" srcset=\"https:\/\/www.joypad.ch\/wp-content\/uploads\/2026\/09\/d5ef5f6a-72e8-ac78-796f-3b71a0148063-1024x576.png 1024w, https:\/\/www.joypad.ch\/wp-content\/uploads\/2026\/09\/d5ef5f6a-72e8-ac78-796f-3b71a0148063-790x444.png 790w, https:\/\/www.joypad.ch\/wp-content\/uploads\/2026\/09\/d5ef5f6a-72e8-ac78-796f-3b71a0148063-18x10.png 18w, https:\/\/www.joypad.ch\/wp-content\/uploads\/2026\/09\/d5ef5f6a-72e8-ac78-796f-3b71a0148063.png 1200w\" sizes=\"auto, (max-width: 1024px) 100vw, 1024px\" \/><\/figure>\n\n\n\n<p class=\"wp-block-paragraph\">Per l&#8217;ambito consumer e la creazione di contenuti, la linea Yoga introduce due PC portatili equipaggiati con la piattaforma NVIDIA RTX Spark: il notebook Lenovo Yoga Pro 9n (15 pollici), dotato di memoria unificata fino a 128 GB a 9400 MT\/s, schermo PureSight Pro OLED e fotocamera IR da 9,2 MP, e il convertibile Yoga 9n 2-in-1 (16 pollici) con un massimo di 64 GB di memoria unificata a 9400 MT\/s, cerniera a 360 gradi, frequenza di aggiornamento a 120 Hz e supporto alla penna Yoga Pen Gen 2 utilizzabile sia sul display che sul Force Pad aptico. A questi si affiancano i tablet con display 4K PureSight Pro Lenovo Yoga Tab Plus Gen 2 (schermo da 13 pollici, processore Snapdragon 8 Elite) e Lenovo Yoga Tab Gen 2 (schermo da 11 pollici, processore MediaTek Dimensity 9500s e peso di 480 grammi), entrambi forniti con Android 17, sette aggiornamenti del sistema operativo e patch di sicurezza garantite fino al 2033. Presentato infine il Lenovo Smart Canvas Concept per la sincronizzazione dei dati di lavoro tra tablet e PC all-in-one.<\/p>\n\n\n\n<figure class=\"wp-block-image aligncenter size-large\"><img loading=\"lazy\" decoding=\"async\" width=\"1024\" height=\"549\" src=\"https:\/\/www.joypad.ch\/wp-content\/uploads\/2026\/09\/0fc24869-5f3c-10a8-df81-d88282bb725b-1024x549.png\" alt=\"\" class=\"wp-image-75539\" srcset=\"https:\/\/www.joypad.ch\/wp-content\/uploads\/2026\/09\/0fc24869-5f3c-10a8-df81-d88282bb725b-1024x549.png 1024w, https:\/\/www.joypad.ch\/wp-content\/uploads\/2026\/09\/0fc24869-5f3c-10a8-df81-d88282bb725b-790x423.png 790w, https:\/\/www.joypad.ch\/wp-content\/uploads\/2026\/09\/0fc24869-5f3c-10a8-df81-d88282bb725b-18x10.png 18w, https:\/\/www.joypad.ch\/wp-content\/uploads\/2026\/09\/0fc24869-5f3c-10a8-df81-d88282bb725b.png 1196w\" sizes=\"auto, (max-width: 1024px) 100vw, 1024px\" \/><\/figure>\n\n\n\n<p class=\"wp-block-paragraph\">A completamento dell&#8217;offerta consumer, la serie IdeaPad Vibe include modelli da 14 e 15 pollici configurabili con processori Snapdragon X o AMD Ryzen AI serie 400 (con versioni Intel previste successivamente), memorie fino a 32 GB, opzioni schermo OLED o IPS a 120 Hz e sette varianti cromatiche realizzate con il Pantone Color Institute. Il segmento desktop domestico vede il lancio dell&#8217;all-in-one IdeaCentre AIO i nelle varianti da 23,8 e 27 pollici a 120 Hz, spinto da processori Intel Core serie 3 con un massimo di 40 TOPS NPU, memoria LPDDR5x fino a 32 GB e sistema di illuminazione adattiva.<\/p>\n\n\n\n<figure class=\"wp-block-image aligncenter size-full\"><img loading=\"lazy\" decoding=\"async\" width=\"1022\" height=\"675\" src=\"https:\/\/www.joypad.ch\/wp-content\/uploads\/2026\/09\/cf4be4ee-7da1-950f-95d2-0e82266b3665.png\" alt=\"\" class=\"wp-image-75541\" srcset=\"https:\/\/www.joypad.ch\/wp-content\/uploads\/2026\/09\/cf4be4ee-7da1-950f-95d2-0e82266b3665.png 1022w, https:\/\/www.joypad.ch\/wp-content\/uploads\/2026\/09\/cf4be4ee-7da1-950f-95d2-0e82266b3665-780x515.png 780w, https:\/\/www.joypad.ch\/wp-content\/uploads\/2026\/09\/cf4be4ee-7da1-950f-95d2-0e82266b3665-18x12.png 18w\" sizes=\"auto, (max-width: 1022px) 100vw, 1022px\" \/><\/figure>\n\n\n\n<p class=\"wp-block-paragraph\">Prezzi indicativi e finestre di disponibilit\u00e0 comunicati per il mercato svizzero:<\/p>\n\n\n\n<ul class=\"wp-block-list\">\n<li>Lenovo ThinkCentre X Ultra: a partire da CHF 2&#8217;900.- (disponibilit\u00e0 da definire)<\/li>\n\n\n\n<li>Lenovo ThinkCentre M75s Gen 6: a partire da CHF 1&#8217;239.- (disponibilit\u00e0 da definire)<\/li>\n\n\n\n<li>Lenovo ThinkCentre M75q Gen 6: a partire da CHF 830.- (disponibilit\u00e0 da definire)<\/li>\n\n\n\n<li>Lenovo ThinkBook 14 Gen 9: a partire da CHF 1&#8217;120.- (disponibilit\u00e0 da definire)<\/li>\n\n\n\n<li>Lenovo ThinkVision P34WD-4v: da gennaio 2027 a partire da CHF 1&#8217;099.-<\/li>\n\n\n\n<li>Lenovo ThinkVision P27UL-40: da gennaio 2027 a partire da CHF 799.-<\/li>\n\n\n\n<li>Lenovo ThinkVision T34WD-4v: da febbraio 2027 a partire da CHF 749.-<\/li>\n\n\n\n<li>Lenovo ThinkVision T32UD-4v: da aprile 2027 a partire da CHF 849.-<\/li>\n\n\n\n<li>Lenovo Yoga 9n 2-in-1 (16 pollici): da fine ottobre 2026 a partire da CHF 3&#8217;299.-<\/li>\n\n\n\n<li>Lenovo Yoga Pro 9n (15 pollici): da fine ottobre 2026 a partire da CHF 3&#8217;099.-<\/li>\n\n\n\n<li>Lenovo Yoga Tab Plus Gen 2: da dicembre 2026 a partire da CHF 899.-<\/li>\n\n\n\n<li>Lenovo Yoga Tab Gen 2: da ottobre 2026 a partire da CHF 699.-<\/li>\n\n\n\n<li>Lenovo IdeaCentre AIO i: da met\u00e0 autunno 2026 a partire da CHF 1&#8217;149.-<\/li>\n\n\n\n<li>Lenovo IdeaPad Vibe: da met\u00e0 autunno 2026 a partire da CHF 749.-<\/li>\n<\/ul>","protected":false},"excerpt":{"rendered":"<p>In occasione dell&#8217;evento Innovation World nell&#8217;ambito di IFA 2026 a Berlino, Lenovo ha annunciato un rinnovamento trasversale del proprio catalogo hardware e software, estendendo le funzionalit\u00e0 di intelligenza artificiale ibrida e personale a diverse linee di prodotto. L&#8217;ecosistema Lenovo &amp; Motorola Qira introduce il supporto a PC Lenovo idonei dotati di 16 GB di memoria [&hellip;]<\/p>\n","protected":false},"author":7,"featured_media":75538,"comment_status":"open","ping_status":"closed","sticky":false,"template":"","format":"standard","meta":{"footnotes":""},"categories":[601],"tags":[],"class_list":["post-75533","post","type-post","status-publish","format-standard","has-post-thumbnail","hentry","category-news"],"blocksy_meta":{"styles_descriptor":{"styles":{"desktop":"","tablet":"","mobile":""},"google_fonts":[],"version":8}},"yoast_head":"<!-- This site is optimized with the Yoast SEO plugin v28.4 - https:\/\/yoast.com\/product\/yoast-seo-wordpress\/ -->\n<title>Lenovo presenta a IFA 2026 le novit\u00e0 per ThinkCentre, ThinkBook, Yoga, IdeaPad e l&#039;ecosistema Qira<\/title>\n<meta name=\"robots\" content=\"index, follow, max-snippet:-1, max-image-preview:large, max-video-preview:-1\" \/>\n<link rel=\"canonical\" href=\"https:\/\/www.joypad.ch\/de\/lenovo-presenta-a-ifa-2026-le-novita-per-thinkcentre-thinkbook-yoga-ideapad-e-lecosistema-qira\/\" \/>\n<meta property=\"og:locale\" content=\"de_DE\" \/>\n<meta property=\"og:type\" content=\"article\" \/>\n<meta property=\"og:title\" content=\"Lenovo presenta a IFA 2026 le novit\u00e0 per ThinkCentre, ThinkBook, Yoga, IdeaPad e l&#039;ecosistema Qira\" \/>\n<meta property=\"og:description\" content=\"In occasione dell&#8217;evento Innovation World nell&#8217;ambito di IFA 2026 a Berlino, Lenovo ha annunciato un rinnovamento trasversale del proprio catalogo hardware e software, estendendo le funzionalit\u00e0 di intelligenza artificiale ibrida e personale a diverse linee di prodotto. L&#8217;ecosistema Lenovo &amp; Motorola Qira introduce il supporto a PC Lenovo idonei dotati di 16 GB di memoria [&hellip;]\" \/>\n<meta property=\"og:url\" content=\"https:\/\/www.joypad.ch\/de\/lenovo-presenta-a-ifa-2026-le-novita-per-thinkcentre-thinkbook-yoga-ideapad-e-lecosistema-qira\/\" \/>\n<meta property=\"og:site_name\" content=\"Joypad.ch\" \/>\n<meta property=\"article:publisher\" content=\"https:\/\/www.facebook.com\/www.joypad.ch\" \/>\n<meta property=\"article:published_time\" content=\"2026-09-04T10:06:50+00:00\" \/>\n<meta property=\"article:modified_time\" content=\"2026-09-04T10:06:56+00:00\" \/>\n<meta property=\"og:image\" content=\"https:\/\/www.joypad.ch\/wp-content\/uploads\/2026\/09\/56bbd408-f210-79f1-6e34-c0208410e84f.png\" \/>\n\t<meta property=\"og:image:width\" content=\"1200\" \/>\n\t<meta property=\"og:image:height\" content=\"675\" \/>\n\t<meta property=\"og:image:type\" content=\"image\/png\" \/>\n<meta name=\"author\" content=\"Dave\" \/>\n<meta name=\"twitter:card\" content=\"summary_large_image\" \/>\n<meta name=\"twitter:creator\" content=\"@JoypadCH\" \/>\n<meta name=\"twitter:site\" content=\"@JoypadCH\" \/>\n<meta name=\"twitter:label1\" content=\"Verfasst von\" \/>\n\t<meta name=\"twitter:data1\" content=\"Dave\" \/>\n\t<meta name=\"twitter:label2\" content=\"Gesch\u00e4tzte Lesezeit\" \/>\n\t<meta name=\"twitter:data2\" content=\"7\u00a0Minuten\" \/>\n<script type=\"application\/ld+json\" class=\"yoast-schema-graph\">{\"@context\":\"https:\\\/\\\/schema.org\",\"@graph\":[{\"@type\":\"Article\",\"@id\":\"https:\\\/\\\/www.joypad.ch\\\/lenovo-presenta-a-ifa-2026-le-novita-per-thinkcentre-thinkbook-yoga-ideapad-e-lecosistema-qira\\\/#article\",\"isPartOf\":{\"@id\":\"https:\\\/\\\/www.joypad.ch\\\/lenovo-presenta-a-ifa-2026-le-novita-per-thinkcentre-thinkbook-yoga-ideapad-e-lecosistema-qira\\\/\"},\"author\":{\"name\":\"Dave\",\"@id\":\"https:\\\/\\\/www.joypad.ch\\\/#\\\/schema\\\/person\\\/ed389b6ce76a3295a8a8cc57aece2981\"},\"headline\":\"Lenovo presenta a IFA 2026 le novit\u00e0 per ThinkCentre, ThinkBook, Yoga, IdeaPad e l&#8217;ecosistema Qira\",\"datePublished\":\"2026-09-04T10:06:50+00:00\",\"dateModified\":\"2026-09-04T10:06:56+00:00\",\"mainEntityOfPage\":{\"@id\":\"https:\\\/\\\/www.joypad.ch\\\/lenovo-presenta-a-ifa-2026-le-novita-per-thinkcentre-thinkbook-yoga-ideapad-e-lecosistema-qira\\\/\"},\"wordCount\":876,\"commentCount\":0,\"publisher\":{\"@id\":\"https:\\\/\\\/www.joypad.ch\\\/#organization\"},\"image\":{\"@id\":\"https:\\\/\\\/www.joypad.ch\\\/lenovo-presenta-a-ifa-2026-le-novita-per-thinkcentre-thinkbook-yoga-ideapad-e-lecosistema-qira\\\/#primaryimage\"},\"thumbnailUrl\":\"https:\\\/\\\/www.joypad.ch\\\/wp-content\\\/uploads\\\/2026\\\/09\\\/56bbd408-f210-79f1-6e34-c0208410e84f.png\",\"articleSection\":[\"News\"],\"inLanguage\":\"de\",\"potentialAction\":[{\"@type\":\"CommentAction\",\"name\":\"Comment\",\"target\":[\"https:\\\/\\\/www.joypad.ch\\\/lenovo-presenta-a-ifa-2026-le-novita-per-thinkcentre-thinkbook-yoga-ideapad-e-lecosistema-qira\\\/#respond\"]}]},{\"@type\":\"WebPage\",\"@id\":\"https:\\\/\\\/www.joypad.ch\\\/lenovo-presenta-a-ifa-2026-le-novita-per-thinkcentre-thinkbook-yoga-ideapad-e-lecosistema-qira\\\/\",\"url\":\"https:\\\/\\\/www.joypad.ch\\\/lenovo-presenta-a-ifa-2026-le-novita-per-thinkcentre-thinkbook-yoga-ideapad-e-lecosistema-qira\\\/\",\"name\":\"Lenovo presenta a IFA 2026 le novit\u00e0 per ThinkCentre, ThinkBook, Yoga, IdeaPad e l'ecosistema Qira\",\"isPartOf\":{\"@id\":\"https:\\\/\\\/www.joypad.ch\\\/#website\"},\"primaryImageOfPage\":{\"@id\":\"https:\\\/\\\/www.joypad.ch\\\/lenovo-presenta-a-ifa-2026-le-novita-per-thinkcentre-thinkbook-yoga-ideapad-e-lecosistema-qira\\\/#primaryimage\"},\"image\":{\"@id\":\"https:\\\/\\\/www.joypad.ch\\\/lenovo-presenta-a-ifa-2026-le-novita-per-thinkcentre-thinkbook-yoga-ideapad-e-lecosistema-qira\\\/#primaryimage\"},\"thumbnailUrl\":\"https:\\\/\\\/www.joypad.ch\\\/wp-content\\\/uploads\\\/2026\\\/09\\\/56bbd408-f210-79f1-6e34-c0208410e84f.png\",\"datePublished\":\"2026-09-04T10:06:50+00:00\",\"dateModified\":\"2026-09-04T10:06:56+00:00\",\"breadcrumb\":{\"@id\":\"https:\\\/\\\/www.joypad.ch\\\/lenovo-presenta-a-ifa-2026-le-novita-per-thinkcentre-thinkbook-yoga-ideapad-e-lecosistema-qira\\\/#breadcrumb\"},\"inLanguage\":\"de\",\"potentialAction\":[{\"@type\":\"ReadAction\",\"target\":[\"https:\\\/\\\/www.joypad.ch\\\/lenovo-presenta-a-ifa-2026-le-novita-per-thinkcentre-thinkbook-yoga-ideapad-e-lecosistema-qira\\\/\"]}]},{\"@type\":\"ImageObject\",\"inLanguage\":\"de\",\"@id\":\"https:\\\/\\\/www.joypad.ch\\\/lenovo-presenta-a-ifa-2026-le-novita-per-thinkcentre-thinkbook-yoga-ideapad-e-lecosistema-qira\\\/#primaryimage\",\"url\":\"https:\\\/\\\/www.joypad.ch\\\/wp-content\\\/uploads\\\/2026\\\/09\\\/56bbd408-f210-79f1-6e34-c0208410e84f.png\",\"contentUrl\":\"https:\\\/\\\/www.joypad.ch\\\/wp-content\\\/uploads\\\/2026\\\/09\\\/56bbd408-f210-79f1-6e34-c0208410e84f.png\",\"width\":1200,\"height\":675},{\"@type\":\"BreadcrumbList\",\"@id\":\"https:\\\/\\\/www.joypad.ch\\\/lenovo-presenta-a-ifa-2026-le-novita-per-thinkcentre-thinkbook-yoga-ideapad-e-lecosistema-qira\\\/#breadcrumb\",\"itemListElement\":[{\"@type\":\"ListItem\",\"position\":1,\"name\":\"Home\",\"item\":\"https:\\\/\\\/www.joypad.ch\\\/\"},{\"@type\":\"ListItem\",\"position\":2,\"name\":\"News\",\"item\":\"https:\\\/\\\/www.joypad.ch\\\/news\\\/\"},{\"@type\":\"ListItem\",\"position\":3,\"name\":\"Lenovo presenta a IFA 2026 le novit\u00e0 per ThinkCentre, ThinkBook, Yoga, IdeaPad e l&#8217;ecosistema Qira\"}]},{\"@type\":\"WebSite\",\"@id\":\"https:\\\/\\\/www.joypad.ch\\\/#website\",\"url\":\"https:\\\/\\\/www.joypad.ch\\\/\",\"name\":\"Joypad.ch\",\"description\":\"Il sito di videogiochi, tecnologia e film per il Ticino e la Svizzera di lingua italiana\",\"publisher\":{\"@id\":\"https:\\\/\\\/www.joypad.ch\\\/#organization\"},\"potentialAction\":[{\"@type\":\"SearchAction\",\"target\":{\"@type\":\"EntryPoint\",\"urlTemplate\":\"https:\\\/\\\/www.joypad.ch\\\/?s={search_term_string}\"},\"query-input\":{\"@type\":\"PropertyValueSpecification\",\"valueRequired\":true,\"valueName\":\"search_term_string\"}}],\"inLanguage\":\"de\"},{\"@type\":\"Organization\",\"@id\":\"https:\\\/\\\/www.joypad.ch\\\/#organization\",\"name\":\"Joypad.ch\",\"url\":\"https:\\\/\\\/www.joypad.ch\\\/\",\"logo\":{\"@type\":\"ImageObject\",\"inLanguage\":\"de\",\"@id\":\"https:\\\/\\\/www.joypad.ch\\\/#\\\/schema\\\/logo\\\/image\\\/\",\"url\":\"https:\\\/\\\/www.joypad.ch\\\/wp-content\\\/uploads\\\/2016\\\/01\\\/Logo_def_bn.jpg\",\"contentUrl\":\"https:\\\/\\\/www.joypad.ch\\\/wp-content\\\/uploads\\\/2016\\\/01\\\/Logo_def_bn.jpg\",\"width\":6671,\"height\":902,\"caption\":\"Joypad.ch\"},\"image\":{\"@id\":\"https:\\\/\\\/www.joypad.ch\\\/#\\\/schema\\\/logo\\\/image\\\/\"},\"sameAs\":[\"https:\\\/\\\/www.facebook.com\\\/www.joypad.ch\",\"https:\\\/\\\/x.com\\\/JoypadCH\",\"https:\\\/\\\/www.instagram.com\\\/joypadch\\\/\",\"https:\\\/\\\/www.youtube.com\\\/c\\\/JoypadCH\",\"https:\\\/\\\/www.tiktok.com\\\/@mrpipistro\"]},{\"@type\":\"Person\",\"@id\":\"https:\\\/\\\/www.joypad.ch\\\/#\\\/schema\\\/person\\\/ed389b6ce76a3295a8a8cc57aece2981\",\"name\":\"Dave\",\"image\":{\"@type\":\"ImageObject\",\"inLanguage\":\"de\",\"@id\":\"https:\\\/\\\/secure.gravatar.com\\\/avatar\\\/32e539e646f8c7d727043eab27fcbf1a782aadf166386409aaa49da51e79e047?s=96&d=mm&r=g\",\"url\":\"https:\\\/\\\/secure.gravatar.com\\\/avatar\\\/32e539e646f8c7d727043eab27fcbf1a782aadf166386409aaa49da51e79e047?s=96&d=mm&r=g\",\"contentUrl\":\"https:\\\/\\\/secure.gravatar.com\\\/avatar\\\/32e539e646f8c7d727043eab27fcbf1a782aadf166386409aaa49da51e79e047?s=96&d=mm&r=g\",\"caption\":\"Dave\"},\"description\":\"Editor in Chief di Joypad, lo trovate anche sui social @MrPipistro\",\"sameAs\":[\"https:\\\/\\\/www.joypad.ch\",\"www.instagram.com\\\/joypadch\",\"www.youtube.com\\\/@JoypadCH\"],\"url\":\"https:\\\/\\\/www.joypad.ch\\\/de\\\/author\\\/dave\\\/\"}]}<\/script>\n<!-- \/ Yoast SEO plugin. -->","yoast_head_json":{"title":"Lenovo presenta a IFA 2026 le novit\u00e0 per ThinkCentre, ThinkBook, Yoga, IdeaPad e l'ecosistema Qira","robots":{"index":"index","follow":"follow","max-snippet":"max-snippet:-1","max-image-preview":"max-image-preview:large","max-video-preview":"max-video-preview:-1"},"canonical":"https:\/\/www.joypad.ch\/de\/lenovo-presenta-a-ifa-2026-le-novita-per-thinkcentre-thinkbook-yoga-ideapad-e-lecosistema-qira\/","og_locale":"de_DE","og_type":"article","og_title":"Lenovo presenta a IFA 2026 le novit\u00e0 per ThinkCentre, ThinkBook, Yoga, IdeaPad e l'ecosistema Qira","og_description":"In occasione dell&#8217;evento Innovation World nell&#8217;ambito di IFA 2026 a Berlino, Lenovo ha annunciato un rinnovamento trasversale del proprio catalogo hardware e software, estendendo le funzionalit\u00e0 di intelligenza artificiale ibrida e personale a diverse linee di prodotto. L&#8217;ecosistema Lenovo &amp; Motorola Qira introduce il supporto a PC Lenovo idonei dotati di 16 GB di memoria [&hellip;]","og_url":"https:\/\/www.joypad.ch\/de\/lenovo-presenta-a-ifa-2026-le-novita-per-thinkcentre-thinkbook-yoga-ideapad-e-lecosistema-qira\/","og_site_name":"Joypad.ch","article_publisher":"https:\/\/www.facebook.com\/www.joypad.ch","article_published_time":"2026-09-04T10:06:50+00:00","article_modified_time":"2026-09-04T10:06:56+00:00","og_image":[{"width":1200,"height":675,"url":"https:\/\/www.joypad.ch\/wp-content\/uploads\/2026\/09\/56bbd408-f210-79f1-6e34-c0208410e84f.png","type":"image\/png"}],"author":"Dave","twitter_card":"summary_large_image","twitter_creator":"@JoypadCH","twitter_site":"@JoypadCH","twitter_misc":{"Verfasst von":"Dave","Gesch\u00e4tzte Lesezeit":"7\u00a0Minuten"},"schema":{"@context":"https:\/\/schema.org","@graph":[{"@type":"Article","@id":"https:\/\/www.joypad.ch\/lenovo-presenta-a-ifa-2026-le-novita-per-thinkcentre-thinkbook-yoga-ideapad-e-lecosistema-qira\/#article","isPartOf":{"@id":"https:\/\/www.joypad.ch\/lenovo-presenta-a-ifa-2026-le-novita-per-thinkcentre-thinkbook-yoga-ideapad-e-lecosistema-qira\/"},"author":{"name":"Dave","@id":"https:\/\/www.joypad.ch\/#\/schema\/person\/ed389b6ce76a3295a8a8cc57aece2981"},"headline":"Lenovo presenta a IFA 2026 le novit\u00e0 per ThinkCentre, ThinkBook, Yoga, IdeaPad e l&#8217;ecosistema Qira","datePublished":"2026-09-04T10:06:50+00:00","dateModified":"2026-09-04T10:06:56+00:00","mainEntityOfPage":{"@id":"https:\/\/www.joypad.ch\/lenovo-presenta-a-ifa-2026-le-novita-per-thinkcentre-thinkbook-yoga-ideapad-e-lecosistema-qira\/"},"wordCount":876,"commentCount":0,"publisher":{"@id":"https:\/\/www.joypad.ch\/#organization"},"image":{"@id":"https:\/\/www.joypad.ch\/lenovo-presenta-a-ifa-2026-le-novita-per-thinkcentre-thinkbook-yoga-ideapad-e-lecosistema-qira\/#primaryimage"},"thumbnailUrl":"https:\/\/www.joypad.ch\/wp-content\/uploads\/2026\/09\/56bbd408-f210-79f1-6e34-c0208410e84f.png","articleSection":["News"],"inLanguage":"de","potentialAction":[{"@type":"CommentAction","name":"Comment","target":["https:\/\/www.joypad.ch\/lenovo-presenta-a-ifa-2026-le-novita-per-thinkcentre-thinkbook-yoga-ideapad-e-lecosistema-qira\/#respond"]}]},{"@type":"WebPage","@id":"https:\/\/www.joypad.ch\/lenovo-presenta-a-ifa-2026-le-novita-per-thinkcentre-thinkbook-yoga-ideapad-e-lecosistema-qira\/","url":"https:\/\/www.joypad.ch\/lenovo-presenta-a-ifa-2026-le-novita-per-thinkcentre-thinkbook-yoga-ideapad-e-lecosistema-qira\/","name":"Lenovo presenta a IFA 2026 le novit\u00e0 per ThinkCentre, ThinkBook, Yoga, IdeaPad e l'ecosistema Qira","isPartOf":{"@id":"https:\/\/www.joypad.ch\/#website"},"primaryImageOfPage":{"@id":"https:\/\/www.joypad.ch\/lenovo-presenta-a-ifa-2026-le-novita-per-thinkcentre-thinkbook-yoga-ideapad-e-lecosistema-qira\/#primaryimage"},"image":{"@id":"https:\/\/www.joypad.ch\/lenovo-presenta-a-ifa-2026-le-novita-per-thinkcentre-thinkbook-yoga-ideapad-e-lecosistema-qira\/#primaryimage"},"thumbnailUrl":"https:\/\/www.joypad.ch\/wp-content\/uploads\/2026\/09\/56bbd408-f210-79f1-6e34-c0208410e84f.png","datePublished":"2026-09-04T10:06:50+00:00","dateModified":"2026-09-04T10:06:56+00:00","breadcrumb":{"@id":"https:\/\/www.joypad.ch\/lenovo-presenta-a-ifa-2026-le-novita-per-thinkcentre-thinkbook-yoga-ideapad-e-lecosistema-qira\/#breadcrumb"},"inLanguage":"de","potentialAction":[{"@type":"ReadAction","target":["https:\/\/www.joypad.ch\/lenovo-presenta-a-ifa-2026-le-novita-per-thinkcentre-thinkbook-yoga-ideapad-e-lecosistema-qira\/"]}]},{"@type":"ImageObject","inLanguage":"de","@id":"https:\/\/www.joypad.ch\/lenovo-presenta-a-ifa-2026-le-novita-per-thinkcentre-thinkbook-yoga-ideapad-e-lecosistema-qira\/#primaryimage","url":"https:\/\/www.joypad.ch\/wp-content\/uploads\/2026\/09\/56bbd408-f210-79f1-6e34-c0208410e84f.png","contentUrl":"https:\/\/www.joypad.ch\/wp-content\/uploads\/2026\/09\/56bbd408-f210-79f1-6e34-c0208410e84f.png","width":1200,"height":675},{"@type":"BreadcrumbList","@id":"https:\/\/www.joypad.ch\/lenovo-presenta-a-ifa-2026-le-novita-per-thinkcentre-thinkbook-yoga-ideapad-e-lecosistema-qira\/#breadcrumb","itemListElement":[{"@type":"ListItem","position":1,"name":"Home","item":"https:\/\/www.joypad.ch\/"},{"@type":"ListItem","position":2,"name":"News","item":"https:\/\/www.joypad.ch\/news\/"},{"@type":"ListItem","position":3,"name":"Lenovo presenta a IFA 2026 le novit\u00e0 per ThinkCentre, ThinkBook, Yoga, IdeaPad e l&#8217;ecosistema Qira"}]},{"@type":"WebSite","@id":"https:\/\/www.joypad.ch\/#website","url":"https:\/\/www.joypad.ch\/","name":"Joypad.ch","description":"Die Videospiel-, Technologie- und Filmseite f\u00fcr das Tessin und die italienischsprachige Schweiz","publisher":{"@id":"https:\/\/www.joypad.ch\/#organization"},"potentialAction":[{"@type":"SearchAction","target":{"@type":"EntryPoint","urlTemplate":"https:\/\/www.joypad.ch\/?s={search_term_string}"},"query-input":{"@type":"PropertyValueSpecification","valueRequired":true,"valueName":"search_term_string"}}],"inLanguage":"de"},{"@type":"Organization","@id":"https:\/\/www.joypad.ch\/#organization","name":"Joypad.ch","url":"https:\/\/www.joypad.ch\/","logo":{"@type":"ImageObject","inLanguage":"de","@id":"https:\/\/www.joypad.ch\/#\/schema\/logo\/image\/","url":"https:\/\/www.joypad.ch\/wp-content\/uploads\/2016\/01\/Logo_def_bn.jpg","contentUrl":"https:\/\/www.joypad.ch\/wp-content\/uploads\/2016\/01\/Logo_def_bn.jpg","width":6671,"height":902,"caption":"Joypad.ch"},"image":{"@id":"https:\/\/www.joypad.ch\/#\/schema\/logo\/image\/"},"sameAs":["https:\/\/www.facebook.com\/www.joypad.ch","https:\/\/x.com\/JoypadCH","https:\/\/www.instagram.com\/joypadch\/","https:\/\/www.youtube.com\/c\/JoypadCH","https:\/\/www.tiktok.com\/@mrpipistro"]},{"@type":"Person","@id":"https:\/\/www.joypad.ch\/#\/schema\/person\/ed389b6ce76a3295a8a8cc57aece2981","name":"Dave","image":{"@type":"ImageObject","inLanguage":"de","@id":"https:\/\/secure.gravatar.com\/avatar\/32e539e646f8c7d727043eab27fcbf1a782aadf166386409aaa49da51e79e047?s=96&d=mm&r=g","url":"https:\/\/secure.gravatar.com\/avatar\/32e539e646f8c7d727043eab27fcbf1a782aadf166386409aaa49da51e79e047?s=96&d=mm&r=g","contentUrl":"https:\/\/secure.gravatar.com\/avatar\/32e539e646f8c7d727043eab27fcbf1a782aadf166386409aaa49da51e79e047?s=96&d=mm&r=g","caption":"Dave"},"description":"Chefredakteur von Joypad, Sie finden ihn auch in sozialen Netzwerken @MrPipistro","sameAs":["https:\/\/www.joypad.ch","www.instagram.com\/joypadch","www.youtube.com\/@JoypadCH"],"url":"https:\/\/www.joypad.ch\/de\/author\/dave\/"}]}},"_links":{"self":[{"href":"https:\/\/www.joypad.ch\/de\/wp-json\/wp\/v2\/posts\/75533","targetHints":{"allow":["GET"]}}],"collection":[{"href":"https:\/\/www.joypad.ch\/de\/wp-json\/wp\/v2\/posts"}],"about":[{"href":"https:\/\/www.joypad.ch\/de\/wp-json\/wp\/v2\/types\/post"}],"author":[{"embeddable":true,"href":"https:\/\/www.joypad.ch\/de\/wp-json\/wp\/v2\/users\/7"}],"replies":[{"embeddable":true,"href":"https:\/\/www.joypad.ch\/de\/wp-json\/wp\/v2\/comments?post=75533"}],"version-history":[{"count":2,"href":"https:\/\/www.joypad.ch\/de\/wp-json\/wp\/v2\/posts\/75533\/revisions"}],"predecessor-version":[{"id":75542,"href":"https:\/\/www.joypad.ch\/de\/wp-json\/wp\/v2\/posts\/75533\/revisions\/75542"}],"wp:featuredmedia":[{"embeddable":true,"href":"https:\/\/www.joypad.ch\/de\/wp-json\/wp\/v2\/media\/75538"}],"wp:attachment":[{"href":"https:\/\/www.joypad.ch\/de\/wp-json\/wp\/v2\/media?parent=75533"}],"wp:term":[{"taxonomy":"category","embeddable":true,"href":"https:\/\/www.joypad.ch\/de\/wp-json\/wp\/v2\/categories?post=75533"},{"taxonomy":"post_tag","embeddable":true,"href":"https:\/\/www.joypad.ch\/de\/wp-json\/wp\/v2\/tags?post=75533"}],"curies":[{"name":"wp","href":"https:\/\/api.w.org\/{rel}","templated":true}]}}