{"id":10526,"date":"2013-06-14T11:36:07","date_gmt":"2013-06-14T09:36:07","guid":{"rendered":"https:\/\/www.joypad.ch\/?p=10526"},"modified":"2013-06-14T11:36:07","modified_gmt":"2013-06-14T09:36:07","slug":"oculus-rift-unterstutzt-1080p","status":"publish","type":"post","link":"https:\/\/www.joypad.ch\/de\/oculus-rift-passa-al-1080p\/","title":{"rendered":"Oculus Rift unterst\u00fctzt 1080p"},"content":{"rendered":"<p>Die netten Leute von Oculus, den Entwicklern des Virtual-Reality-Headsets <strong>Riss<\/strong>, Die gro\u00dfe Ank\u00fcndigung machten sie w\u00e4hrend der E3.<\/p>\n<p><img loading=\"lazy\" decoding=\"async\" class=\"aligncenter size-full wp-image-10527\" alt=\"Oculus_Farblogo\" src=\"https:\/\/www.joypad.ch\/wp-content\/uploads\/2013\/06\/Oculus_Color_logo.jpg\" width=\"581\" height=\"146\" srcset=\"https:\/\/www.joypad.ch\/wp-content\/uploads\/2013\/06\/Oculus_Color_logo.jpg 763w, https:\/\/www.joypad.ch\/wp-content\/uploads\/2013\/06\/Oculus_Color_logo-300x75.jpg 300w\" sizes=\"auto, (max-width: 581px) 100vw, 581px\" \/><\/p>\n<p style=\"text-align: justify;\">F\u00fcr alle, die es noch nicht wissen: Oculus Rift ist ein <strong>Spezialbetrachter<\/strong> Ein tragbares Headset, das 3D-Bilder darstellen und Kopfbewegungen in Echtzeit erfassen kann. Alle, die es getestet haben, sind von diesem neuen Produkt restlos begeistert. Obwohl die Rift aktuell nur als Entwicklerkit erh\u00e4ltlich ist und nur wenige Spiele sie unterst\u00fctzen (Valve und die Unreal Engine geh\u00f6ren zu den gr\u00f6\u00dften), hat sie unter Gamern regelrecht f\u00fcr Aufsehen gesorgt. Und zwar im positiven Sinne!<\/p>\n<p style=\"text-align: justify;\"><img loading=\"lazy\" decoding=\"async\" class=\"aligncenter size-large wp-image-10528\" alt=\"OculusRift1\" src=\"https:\/\/www.joypad.ch\/wp-content\/uploads\/2013\/06\/OculusRift1-1024x576.jpg\" width=\"662\" height=\"372\" srcset=\"https:\/\/www.joypad.ch\/wp-content\/uploads\/2013\/06\/OculusRift1-1024x576.jpg 1024w, https:\/\/www.joypad.ch\/wp-content\/uploads\/2013\/06\/OculusRift1-300x168.jpg 300w, https:\/\/www.joypad.ch\/wp-content\/uploads\/2013\/06\/OculusRift1.jpg 1365w\" sizes=\"auto, (max-width: 662px) 100vw, 662px\" \/><\/p>\n<p style=\"text-align: justify;\">Bis zum Marktstart der Rift sind es noch einige Monate, und Oculus wei\u00df noch nicht einmal, ob das Headset mit PlayStation 4 oder Xbox One kompatibel sein wird. Das Entwicklerkit zeichnet sich durch seine begrenzte Aufl\u00f6sung aus, um die Kosten niedrig zu halten (f\u00fcr Kickstarter-Teilnehmer kostet es 300 US-Dollar). W\u00e4hrend der E3 wurde jedoch\u2026 <strong>Das FullHD-Modell wurde vorgestellt<\/strong>, was einmal mehr die hervorragende Qualit\u00e4t des Produkts best\u00e4tigte und durch die Verdopplung der Anzahl der sichtbaren Pixel so manchen Journalisten sprachlos machte.<\/p>\n<p><img loading=\"lazy\" decoding=\"async\" class=\"aligncenter size-full wp-image-10530\" alt=\"mike_nate_ue4\" src=\"https:\/\/www.joypad.ch\/wp-content\/uploads\/2013\/06\/mike_nate_ue4.jpg\" width=\"530\" height=\"352\" srcset=\"https:\/\/www.joypad.ch\/wp-content\/uploads\/2013\/06\/mike_nate_ue4.jpg 530w, https:\/\/www.joypad.ch\/wp-content\/uploads\/2013\/06\/mike_nate_ue4-300x199.jpg 300w\" sizes=\"auto, (max-width: 530px) 100vw, 530px\" \/><\/p>\n<p>Wir von Joypad haben bereits einen Termin f\u00fcr einen Test auf der Gamescom 2013 vereinbart und werden euch unsere Eindr\u00fccke nat\u00fcrlich mitteilen. Wer neugierig ist, kann sich in der Zwischenzeit die Seite ansehen. <a href=\"http:\/\/www.oculusvr.com\/blog\/oculus-at-e3-2013\/\" target=\"_blank\">Oculus auf der E3 2013<\/a>.<\/p>","protected":false},"excerpt":{"rendered":"<p>I bravi ragazzi di Oculus, creatori del visore per la realt\u00e0 virtuale Rift, hanno fatto il grande annucio durante l&#8217;E3. Per chi ancora non lo sapesse, Oculus Rift \u00e8 uno speciale visore da indossare in grado di mostrare immagini in 3D e di tracciare il movimento della testa in tempo reale. Tutti coloro che l&#8217;hanno [&hellip;]<\/p>\n","protected":false},"author":7,"featured_media":0,"comment_status":"closed","ping_status":"closed","sticky":false,"template":"","format":"standard","meta":{"footnotes":""},"categories":[384,601],"tags":[],"class_list":["post-10526","post","type-post","status-publish","format-standard","hentry","category-e3-2013","category-news"],"blocksy_meta":{"styles_descriptor":{"styles":{"desktop":"","tablet":"","mobile":""},"google_fonts":[],"version":7}},"yoast_head":"<!-- This site is optimized with the Yoast SEO plugin v28.4 - https:\/\/yoast.com\/product\/yoast-seo-wordpress\/ -->\n<title>Oculus Rift passa al 1080p<\/title>\n<meta name=\"robots\" content=\"index, follow, max-snippet:-1, max-image-preview:large, max-video-preview:-1\" \/>\n<link rel=\"canonical\" href=\"https:\/\/www.joypad.ch\/de\/oculus-rift-unterstutzt-1080p\/\" \/>\n<meta property=\"og:locale\" content=\"de_DE\" \/>\n<meta property=\"og:type\" content=\"article\" \/>\n<meta property=\"og:title\" content=\"Oculus Rift passa al 1080p\" \/>\n<meta property=\"og:description\" content=\"I bravi ragazzi di Oculus, creatori del visore per la realt\u00e0 virtuale Rift, hanno fatto il grande annucio durante l&#8217;E3. Per chi ancora non lo sapesse, Oculus Rift \u00e8 uno speciale visore da indossare in grado di mostrare immagini in 3D e di tracciare il movimento della testa in tempo reale. Tutti coloro che l&#8217;hanno [&hellip;]\" \/>\n<meta property=\"og:url\" content=\"https:\/\/www.joypad.ch\/de\/oculus-rift-unterstutzt-1080p\/\" \/>\n<meta property=\"og:site_name\" content=\"Joypad.ch\" \/>\n<meta property=\"article:publisher\" content=\"https:\/\/www.facebook.com\/www.joypad.ch\" \/>\n<meta property=\"article:published_time\" content=\"2013-06-14T09:36:07+00:00\" \/>\n<meta property=\"og:image\" content=\"https:\/\/www.joypad.ch\/wp-content\/uploads\/2013\/06\/Oculus_Color_logo.jpg\" \/>\n<meta name=\"author\" content=\"Dave\" \/>\n<meta name=\"twitter:card\" content=\"summary_large_image\" \/>\n<meta name=\"twitter:creator\" content=\"@JoypadCH\" \/>\n<meta name=\"twitter:site\" content=\"@JoypadCH\" \/>\n<meta name=\"twitter:label1\" content=\"Verfasst von\" \/>\n\t<meta name=\"twitter:data1\" content=\"Dave\" \/>\n\t<meta name=\"twitter:label2\" content=\"Gesch\u00e4tzte Lesezeit\" \/>\n\t<meta name=\"twitter:data2\" content=\"1\u00a0Minute\" \/>\n<script type=\"application\/ld+json\" class=\"yoast-schema-graph\">{\"@context\":\"https:\\\/\\\/schema.org\",\"@graph\":[{\"@type\":\"Article\",\"@id\":\"https:\\\/\\\/www.joypad.ch\\\/oculus-rift-passa-al-1080p\\\/#article\",\"isPartOf\":{\"@id\":\"https:\\\/\\\/www.joypad.ch\\\/oculus-rift-passa-al-1080p\\\/\"},\"author\":{\"name\":\"Dave\",\"@id\":\"https:\\\/\\\/www.joypad.ch\\\/#\\\/schema\\\/person\\\/d7375963dc860aac116f9733865d5b74\"},\"headline\":\"Oculus Rift passa al 1080p\",\"datePublished\":\"2013-06-14T09:36:07+00:00\",\"mainEntityOfPage\":{\"@id\":\"https:\\\/\\\/www.joypad.ch\\\/oculus-rift-passa-al-1080p\\\/\"},\"wordCount\":241,\"publisher\":{\"@id\":\"https:\\\/\\\/www.joypad.ch\\\/#organization\"},\"image\":{\"@id\":\"https:\\\/\\\/www.joypad.ch\\\/oculus-rift-passa-al-1080p\\\/#primaryimage\"},\"thumbnailUrl\":\"https:\\\/\\\/www.joypad.ch\\\/wp-content\\\/uploads\\\/2013\\\/06\\\/Oculus_Color_logo.jpg\",\"articleSection\":[\"E3 2013\",\"News\"],\"inLanguage\":\"de\"},{\"@type\":\"WebPage\",\"@id\":\"https:\\\/\\\/www.joypad.ch\\\/oculus-rift-passa-al-1080p\\\/\",\"url\":\"https:\\\/\\\/www.joypad.ch\\\/oculus-rift-passa-al-1080p\\\/\",\"name\":\"Oculus Rift passa al 1080p\",\"isPartOf\":{\"@id\":\"https:\\\/\\\/www.joypad.ch\\\/#website\"},\"primaryImageOfPage\":{\"@id\":\"https:\\\/\\\/www.joypad.ch\\\/oculus-rift-passa-al-1080p\\\/#primaryimage\"},\"image\":{\"@id\":\"https:\\\/\\\/www.joypad.ch\\\/oculus-rift-passa-al-1080p\\\/#primaryimage\"},\"thumbnailUrl\":\"https:\\\/\\\/www.joypad.ch\\\/wp-content\\\/uploads\\\/2013\\\/06\\\/Oculus_Color_logo.jpg\",\"datePublished\":\"2013-06-14T09:36:07+00:00\",\"breadcrumb\":{\"@id\":\"https:\\\/\\\/www.joypad.ch\\\/oculus-rift-passa-al-1080p\\\/#breadcrumb\"},\"inLanguage\":\"de\",\"potentialAction\":[{\"@type\":\"ReadAction\",\"target\":[\"https:\\\/\\\/www.joypad.ch\\\/oculus-rift-passa-al-1080p\\\/\"]}]},{\"@type\":\"ImageObject\",\"inLanguage\":\"de\",\"@id\":\"https:\\\/\\\/www.joypad.ch\\\/oculus-rift-passa-al-1080p\\\/#primaryimage\",\"url\":\"https:\\\/\\\/www.joypad.ch\\\/wp-content\\\/uploads\\\/2013\\\/06\\\/Oculus_Color_logo.jpg\",\"contentUrl\":\"https:\\\/\\\/www.joypad.ch\\\/wp-content\\\/uploads\\\/2013\\\/06\\\/Oculus_Color_logo.jpg\"},{\"@type\":\"BreadcrumbList\",\"@id\":\"https:\\\/\\\/www.joypad.ch\\\/oculus-rift-passa-al-1080p\\\/#breadcrumb\",\"itemListElement\":[{\"@type\":\"ListItem\",\"position\":1,\"name\":\"Home\",\"item\":\"https:\\\/\\\/www.joypad.ch\\\/\"},{\"@type\":\"ListItem\",\"position\":2,\"name\":\"News\",\"item\":\"https:\\\/\\\/www.joypad.ch\\\/news\\\/\"},{\"@type\":\"ListItem\",\"position\":3,\"name\":\"E3 2013\",\"item\":\"https:\\\/\\\/www.joypad.ch\\\/news\\\/e3-2013\\\/\"},{\"@type\":\"ListItem\",\"position\":4,\"name\":\"Oculus Rift passa al 1080p\"}]},{\"@type\":\"WebSite\",\"@id\":\"https:\\\/\\\/www.joypad.ch\\\/#website\",\"url\":\"https:\\\/\\\/www.joypad.ch\\\/\",\"name\":\"Joypad.ch\",\"description\":\"Il sito di videogiochi, tecnologia e film per il Ticino e la Svizzera di lingua italiana\",\"publisher\":{\"@id\":\"https:\\\/\\\/www.joypad.ch\\\/#organization\"},\"potentialAction\":[{\"@type\":\"SearchAction\",\"target\":{\"@type\":\"EntryPoint\",\"urlTemplate\":\"https:\\\/\\\/www.joypad.ch\\\/?s={search_term_string}\"},\"query-input\":{\"@type\":\"PropertyValueSpecification\",\"valueRequired\":true,\"valueName\":\"search_term_string\"}}],\"inLanguage\":\"de\"},{\"@type\":\"Organization\",\"@id\":\"https:\\\/\\\/www.joypad.ch\\\/#organization\",\"name\":\"Joypad.ch\",\"url\":\"https:\\\/\\\/www.joypad.ch\\\/\",\"logo\":{\"@type\":\"ImageObject\",\"inLanguage\":\"de\",\"@id\":\"https:\\\/\\\/www.joypad.ch\\\/#\\\/schema\\\/logo\\\/image\\\/\",\"url\":\"https:\\\/\\\/www.joypad.ch\\\/wp-content\\\/uploads\\\/2016\\\/01\\\/Logo_def_bn.jpg\",\"contentUrl\":\"https:\\\/\\\/www.joypad.ch\\\/wp-content\\\/uploads\\\/2016\\\/01\\\/Logo_def_bn.jpg\",\"width\":6671,\"height\":902,\"caption\":\"Joypad.ch\"},\"image\":{\"@id\":\"https:\\\/\\\/www.joypad.ch\\\/#\\\/schema\\\/logo\\\/image\\\/\"},\"sameAs\":[\"https:\\\/\\\/www.facebook.com\\\/www.joypad.ch\",\"https:\\\/\\\/x.com\\\/JoypadCH\",\"https:\\\/\\\/www.instagram.com\\\/joypadch\\\/\",\"https:\\\/\\\/www.youtube.com\\\/c\\\/JoypadCH\",\"https:\\\/\\\/www.tiktok.com\\\/@mrpipistro\"]},{\"@type\":\"Person\",\"@id\":\"https:\\\/\\\/www.joypad.ch\\\/#\\\/schema\\\/person\\\/d7375963dc860aac116f9733865d5b74\",\"name\":\"Dave\",\"image\":{\"@type\":\"ImageObject\",\"inLanguage\":\"de\",\"@id\":\"https:\\\/\\\/secure.gravatar.com\\\/avatar\\\/32e539e646f8c7d727043eab27fcbf1a782aadf166386409aaa49da51e79e047?s=96&d=mm&r=g\",\"url\":\"https:\\\/\\\/secure.gravatar.com\\\/avatar\\\/32e539e646f8c7d727043eab27fcbf1a782aadf166386409aaa49da51e79e047?s=96&d=mm&r=g\",\"contentUrl\":\"https:\\\/\\\/secure.gravatar.com\\\/avatar\\\/32e539e646f8c7d727043eab27fcbf1a782aadf166386409aaa49da51e79e047?s=96&d=mm&r=g\",\"caption\":\"Dave\"},\"description\":\"Editor in Chief di Joypad, lo trovate anche sui social @MrPipistro\",\"sameAs\":[\"https:\\\/\\\/www.joypad.ch\",\"www.instagram.com\\\/joypadch\",\"www.youtube.com\\\/@JoypadCH\"],\"url\":\"https:\\\/\\\/www.joypad.ch\\\/de\\\/author\\\/dave\\\/\"}]}<\/script>\n<!-- \/ Yoast SEO plugin. -->","yoast_head_json":{"title":"Oculus Rift unterst\u00fctzt 1080p","robots":{"index":"index","follow":"follow","max-snippet":"max-snippet:-1","max-image-preview":"max-image-preview:large","max-video-preview":"max-video-preview:-1"},"canonical":"https:\/\/www.joypad.ch\/de\/oculus-rift-unterstutzt-1080p\/","og_locale":"de_DE","og_type":"article","og_title":"Oculus Rift passa al 1080p","og_description":"I bravi ragazzi di Oculus, creatori del visore per la realt\u00e0 virtuale Rift, hanno fatto il grande annucio durante l&#8217;E3. Per chi ancora non lo sapesse, Oculus Rift \u00e8 uno speciale visore da indossare in grado di mostrare immagini in 3D e di tracciare il movimento della testa in tempo reale. Tutti coloro che l&#8217;hanno [&hellip;]","og_url":"https:\/\/www.joypad.ch\/de\/oculus-rift-unterstutzt-1080p\/","og_site_name":"Joypad.ch","article_publisher":"https:\/\/www.facebook.com\/www.joypad.ch","article_published_time":"2013-06-14T09:36:07+00:00","og_image":[{"url":"https:\/\/www.joypad.ch\/wp-content\/uploads\/2013\/06\/Oculus_Color_logo.jpg","type":"","width":"","height":""}],"author":"Dave","twitter_card":"summary_large_image","twitter_creator":"@JoypadCH","twitter_site":"@JoypadCH","twitter_misc":{"Verfasst von":"Dave","Gesch\u00e4tzte Lesezeit":"1\u00a0Minute"},"schema":{"@context":"https:\/\/schema.org","@graph":[{"@type":"Article","@id":"https:\/\/www.joypad.ch\/oculus-rift-passa-al-1080p\/#article","isPartOf":{"@id":"https:\/\/www.joypad.ch\/oculus-rift-passa-al-1080p\/"},"author":{"name":"Dave","@id":"https:\/\/www.joypad.ch\/#\/schema\/person\/d7375963dc860aac116f9733865d5b74"},"headline":"Oculus Rift passa al 1080p","datePublished":"2013-06-14T09:36:07+00:00","mainEntityOfPage":{"@id":"https:\/\/www.joypad.ch\/oculus-rift-passa-al-1080p\/"},"wordCount":241,"publisher":{"@id":"https:\/\/www.joypad.ch\/#organization"},"image":{"@id":"https:\/\/www.joypad.ch\/oculus-rift-passa-al-1080p\/#primaryimage"},"thumbnailUrl":"https:\/\/www.joypad.ch\/wp-content\/uploads\/2013\/06\/Oculus_Color_logo.jpg","articleSection":["E3 2013","News"],"inLanguage":"de"},{"@type":"WebPage","@id":"https:\/\/www.joypad.ch\/oculus-rift-passa-al-1080p\/","url":"https:\/\/www.joypad.ch\/oculus-rift-passa-al-1080p\/","name":"Oculus Rift unterst\u00fctzt 1080p","isPartOf":{"@id":"https:\/\/www.joypad.ch\/#website"},"primaryImageOfPage":{"@id":"https:\/\/www.joypad.ch\/oculus-rift-passa-al-1080p\/#primaryimage"},"image":{"@id":"https:\/\/www.joypad.ch\/oculus-rift-passa-al-1080p\/#primaryimage"},"thumbnailUrl":"https:\/\/www.joypad.ch\/wp-content\/uploads\/2013\/06\/Oculus_Color_logo.jpg","datePublished":"2013-06-14T09:36:07+00:00","breadcrumb":{"@id":"https:\/\/www.joypad.ch\/oculus-rift-passa-al-1080p\/#breadcrumb"},"inLanguage":"de","potentialAction":[{"@type":"ReadAction","target":["https:\/\/www.joypad.ch\/oculus-rift-passa-al-1080p\/"]}]},{"@type":"ImageObject","inLanguage":"de","@id":"https:\/\/www.joypad.ch\/oculus-rift-passa-al-1080p\/#primaryimage","url":"https:\/\/www.joypad.ch\/wp-content\/uploads\/2013\/06\/Oculus_Color_logo.jpg","contentUrl":"https:\/\/www.joypad.ch\/wp-content\/uploads\/2013\/06\/Oculus_Color_logo.jpg"},{"@type":"BreadcrumbList","@id":"https:\/\/www.joypad.ch\/oculus-rift-passa-al-1080p\/#breadcrumb","itemListElement":[{"@type":"ListItem","position":1,"name":"Home","item":"https:\/\/www.joypad.ch\/"},{"@type":"ListItem","position":2,"name":"News","item":"https:\/\/www.joypad.ch\/news\/"},{"@type":"ListItem","position":3,"name":"E3 2013","item":"https:\/\/www.joypad.ch\/news\/e3-2013\/"},{"@type":"ListItem","position":4,"name":"Oculus Rift passa al 1080p"}]},{"@type":"WebSite","@id":"https:\/\/www.joypad.ch\/#website","url":"https:\/\/www.joypad.ch\/","name":"Joypad.ch","description":"Die Videospiel-, Technologie- und Filmseite f\u00fcr das Tessin und die italienischsprachige Schweiz","publisher":{"@id":"https:\/\/www.joypad.ch\/#organization"},"potentialAction":[{"@type":"SearchAction","target":{"@type":"EntryPoint","urlTemplate":"https:\/\/www.joypad.ch\/?s={search_term_string}"},"query-input":{"@type":"PropertyValueSpecification","valueRequired":true,"valueName":"search_term_string"}}],"inLanguage":"de"},{"@type":"Organization","@id":"https:\/\/www.joypad.ch\/#organization","name":"Joypad.ch","url":"https:\/\/www.joypad.ch\/","logo":{"@type":"ImageObject","inLanguage":"de","@id":"https:\/\/www.joypad.ch\/#\/schema\/logo\/image\/","url":"https:\/\/www.joypad.ch\/wp-content\/uploads\/2016\/01\/Logo_def_bn.jpg","contentUrl":"https:\/\/www.joypad.ch\/wp-content\/uploads\/2016\/01\/Logo_def_bn.jpg","width":6671,"height":902,"caption":"Joypad.ch"},"image":{"@id":"https:\/\/www.joypad.ch\/#\/schema\/logo\/image\/"},"sameAs":["https:\/\/www.facebook.com\/www.joypad.ch","https:\/\/x.com\/JoypadCH","https:\/\/www.instagram.com\/joypadch\/","https:\/\/www.youtube.com\/c\/JoypadCH","https:\/\/www.tiktok.com\/@mrpipistro"]},{"@type":"Person","@id":"https:\/\/www.joypad.ch\/#\/schema\/person\/d7375963dc860aac116f9733865d5b74","name":"Dave","image":{"@type":"ImageObject","inLanguage":"de","@id":"https:\/\/secure.gravatar.com\/avatar\/32e539e646f8c7d727043eab27fcbf1a782aadf166386409aaa49da51e79e047?s=96&d=mm&r=g","url":"https:\/\/secure.gravatar.com\/avatar\/32e539e646f8c7d727043eab27fcbf1a782aadf166386409aaa49da51e79e047?s=96&d=mm&r=g","contentUrl":"https:\/\/secure.gravatar.com\/avatar\/32e539e646f8c7d727043eab27fcbf1a782aadf166386409aaa49da51e79e047?s=96&d=mm&r=g","caption":"Dave"},"description":"Chefredakteur von Joypad, Sie finden ihn auch in sozialen Netzwerken @MrPipistro","sameAs":["https:\/\/www.joypad.ch","www.instagram.com\/joypadch","www.youtube.com\/@JoypadCH"],"url":"https:\/\/www.joypad.ch\/de\/author\/dave\/"}]}},"_links":{"self":[{"href":"https:\/\/www.joypad.ch\/de\/wp-json\/wp\/v2\/posts\/10526","targetHints":{"allow":["GET"]}}],"collection":[{"href":"https:\/\/www.joypad.ch\/de\/wp-json\/wp\/v2\/posts"}],"about":[{"href":"https:\/\/www.joypad.ch\/de\/wp-json\/wp\/v2\/types\/post"}],"author":[{"embeddable":true,"href":"https:\/\/www.joypad.ch\/de\/wp-json\/wp\/v2\/users\/7"}],"replies":[{"embeddable":true,"href":"https:\/\/www.joypad.ch\/de\/wp-json\/wp\/v2\/comments?post=10526"}],"version-history":[{"count":0,"href":"https:\/\/www.joypad.ch\/de\/wp-json\/wp\/v2\/posts\/10526\/revisions"}],"wp:attachment":[{"href":"https:\/\/www.joypad.ch\/de\/wp-json\/wp\/v2\/media?parent=10526"}],"wp:term":[{"taxonomy":"category","embeddable":true,"href":"https:\/\/www.joypad.ch\/de\/wp-json\/wp\/v2\/categories?post=10526"},{"taxonomy":"post_tag","embeddable":true,"href":"https:\/\/www.joypad.ch\/de\/wp-json\/wp\/v2\/tags?post=10526"}],"curies":[{"name":"wp","href":"https:\/\/api.w.org\/{rel}","templated":true}]}}